{"id":1183,"date":"2025-10-21T13:33:53","date_gmt":"2025-10-21T11:33:53","guid":{"rendered":"https:\/\/www.carmotive.es\/blog\/?p=1183"},"modified":"2025-11-03T11:25:17","modified_gmt":"2025-11-03T10:25:17","slug":"mercedes-benz-gls-63-amg-4matic","status":"publish","type":"post","link":"https:\/\/www.carmotive.es\/blog\/mercedes-benz-gls-63-amg-4matic\/","title":{"rendered":"Mercedes-Benz GLS 63 AMG 4MATIC: lujo y potencia"},"content":{"rendered":"\n<p>El <strong>Mercedes-Benz GLS 63 AMG 4MATIC 430 kW<\/strong> es un <strong>SUV de lujo <\/strong>que combina potencia, confort y tecnolog\u00eda. Este modelo destaca por su dise\u00f1o imponente y su capacidad para ofrecer una experiencia de conducci\u00f3n inigualable. Equipado con un motor V8 biturbo y una serie de caracter\u00edsticas premium, el GLS 63 AMG no solo es un veh\u00edculo de gran tama\u00f1o, sino tambi\u00e9n una declaraci\u00f3n de intenciones en el mundo automovil\u00edstico.<\/p>\n\n\n\n<div class=\"wp-block-jetpack-slideshow aligncenter\" data-effect=\"slide\"><div class=\"wp-block-jetpack-slideshow_container swiper-container\"><ul class=\"wp-block-jetpack-slideshow_swiper-wrapper swiper-wrapper\"><li class=\"wp-block-jetpack-slideshow_slide swiper-slide\"><figure><img loading=\"lazy\" decoding=\"async\" width=\"1024\" height=\"768\" alt=\"Mercedes-Benz GLS 63 AMG\" class=\"wp-block-jetpack-slideshow_image wp-image-1184\" data-id=\"1184\" src=\"https:\/\/www.carmotive.es\/blog\/wp-content\/uploads\/2025\/10\/AnyConv.com__1CSy4AF3VMF9btVf3G8j4S-1024x768.jpeg\" srcset=\"https:\/\/www.carmotive.es\/blog\/wp-content\/uploads\/2025\/10\/AnyConv.com__1CSy4AF3VMF9btVf3G8j4S-1024x768.jpeg 1024w, https:\/\/www.carmotive.es\/blog\/wp-content\/uploads\/2025\/10\/AnyConv.com__1CSy4AF3VMF9btVf3G8j4S-300x225.jpeg 300w, https:\/\/www.carmotive.es\/blog\/wp-content\/uploads\/2025\/10\/AnyConv.com__1CSy4AF3VMF9btVf3G8j4S-768x576.jpeg 768w, https:\/\/www.carmotive.es\/blog\/wp-content\/uploads\/2025\/10\/AnyConv.com__1CSy4AF3VMF9btVf3G8j4S.jpeg 1200w\" sizes=\"auto, (max-width: 1024px) 100vw, 1024px\" \/><figcaption class=\"wp-block-jetpack-slideshow_caption gallery-caption\">Mercedes-Benz GLS 63 AMG<\/figcaption><\/figure><\/li><li class=\"wp-block-jetpack-slideshow_slide swiper-slide\"><figure><img loading=\"lazy\" decoding=\"async\" width=\"1024\" height=\"768\" alt=\"Mercedes-Benz GLS 63 AMG\" class=\"wp-block-jetpack-slideshow_image wp-image-1185\" data-id=\"1185\" src=\"https:\/\/www.carmotive.es\/blog\/wp-content\/uploads\/2025\/10\/AnyConv.com__1CSy4AKu23GYtZmhm3JYGx-1024x768.jpeg\" srcset=\"https:\/\/www.carmotive.es\/blog\/wp-content\/uploads\/2025\/10\/AnyConv.com__1CSy4AKu23GYtZmhm3JYGx-1024x768.jpeg 1024w, https:\/\/www.carmotive.es\/blog\/wp-content\/uploads\/2025\/10\/AnyConv.com__1CSy4AKu23GYtZmhm3JYGx-300x225.jpeg 300w, https:\/\/www.carmotive.es\/blog\/wp-content\/uploads\/2025\/10\/AnyConv.com__1CSy4AKu23GYtZmhm3JYGx-768x576.jpeg 768w, https:\/\/www.carmotive.es\/blog\/wp-content\/uploads\/2025\/10\/AnyConv.com__1CSy4AKu23GYtZmhm3JYGx.jpeg 1200w\" sizes=\"auto, (max-width: 1024px) 100vw, 1024px\" \/><figcaption class=\"wp-block-jetpack-slideshow_caption gallery-caption\">Mercedes-Benz GLS 63 AMG<\/figcaption><\/figure><\/li><li class=\"wp-block-jetpack-slideshow_slide swiper-slide\"><figure><img loading=\"lazy\" decoding=\"async\" width=\"1024\" height=\"768\" alt=\"Mercedes-Benz GLS 63 AMG\" class=\"wp-block-jetpack-slideshow_image wp-image-1186\" data-id=\"1186\" src=\"https:\/\/www.carmotive.es\/blog\/wp-content\/uploads\/2025\/10\/AnyConv.com__1CSy4AKv415AU9duYWKNwj-1024x768.jpeg\" srcset=\"https:\/\/www.carmotive.es\/blog\/wp-content\/uploads\/2025\/10\/AnyConv.com__1CSy4AKv415AU9duYWKNwj-1024x768.jpeg 1024w, https:\/\/www.carmotive.es\/blog\/wp-content\/uploads\/2025\/10\/AnyConv.com__1CSy4AKv415AU9duYWKNwj-300x225.jpeg 300w, https:\/\/www.carmotive.es\/blog\/wp-content\/uploads\/2025\/10\/AnyConv.com__1CSy4AKv415AU9duYWKNwj-768x576.jpeg 768w, https:\/\/www.carmotive.es\/blog\/wp-content\/uploads\/2025\/10\/AnyConv.com__1CSy4AKv415AU9duYWKNwj.jpeg 1200w\" sizes=\"auto, (max-width: 1024px) 100vw, 1024px\" \/><figcaption class=\"wp-block-jetpack-slideshow_caption gallery-caption\">Mercedes-Benz GLS 63 AMG<\/figcaption><\/figure><\/li><li class=\"wp-block-jetpack-slideshow_slide swiper-slide\"><figure><img loading=\"lazy\" decoding=\"async\" width=\"1024\" height=\"768\" alt=\"Mercedes-Benz GLS 63 AMG\" class=\"wp-block-jetpack-slideshow_image wp-image-1189\" data-id=\"1189\" src=\"https:\/\/www.carmotive.es\/blog\/wp-content\/uploads\/2025\/10\/AnyConv.com__1CSy4ALgBzt2DzK1KDa19X-1024x768.jpeg\" srcset=\"https:\/\/www.carmotive.es\/blog\/wp-content\/uploads\/2025\/10\/AnyConv.com__1CSy4ALgBzt2DzK1KDa19X-1024x768.jpeg 1024w, https:\/\/www.carmotive.es\/blog\/wp-content\/uploads\/2025\/10\/AnyConv.com__1CSy4ALgBzt2DzK1KDa19X-300x225.jpeg 300w, https:\/\/www.carmotive.es\/blog\/wp-content\/uploads\/2025\/10\/AnyConv.com__1CSy4ALgBzt2DzK1KDa19X-768x576.jpeg 768w, https:\/\/www.carmotive.es\/blog\/wp-content\/uploads\/2025\/10\/AnyConv.com__1CSy4ALgBzt2DzK1KDa19X.jpeg 1200w\" sizes=\"auto, (max-width: 1024px) 100vw, 1024px\" \/><figcaption class=\"wp-block-jetpack-slideshow_caption gallery-caption\">Mercedes-Benz GLS 63 AMG<\/figcaption><\/figure><\/li><li class=\"wp-block-jetpack-slideshow_slide swiper-slide\"><figure><img loading=\"lazy\" decoding=\"async\" width=\"1024\" height=\"768\" alt=\"Mercedes-Benz GLS 63 AMG\" class=\"wp-block-jetpack-slideshow_image wp-image-1199\" data-id=\"1199\" src=\"https:\/\/www.carmotive.es\/blog\/wp-content\/uploads\/2025\/10\/AnyConv.com__1CSy4BfwWiYne9TwMmnCdX-1024x768.jpeg\" srcset=\"https:\/\/www.carmotive.es\/blog\/wp-content\/uploads\/2025\/10\/AnyConv.com__1CSy4BfwWiYne9TwMmnCdX-1024x768.jpeg 1024w, https:\/\/www.carmotive.es\/blog\/wp-content\/uploads\/2025\/10\/AnyConv.com__1CSy4BfwWiYne9TwMmnCdX-300x225.jpeg 300w, https:\/\/www.carmotive.es\/blog\/wp-content\/uploads\/2025\/10\/AnyConv.com__1CSy4BfwWiYne9TwMmnCdX-768x576.jpeg 768w, https:\/\/www.carmotive.es\/blog\/wp-content\/uploads\/2025\/10\/AnyConv.com__1CSy4BfwWiYne9TwMmnCdX.jpeg 1200w\" sizes=\"auto, (max-width: 1024px) 100vw, 1024px\" \/><figcaption class=\"wp-block-jetpack-slideshow_caption gallery-caption\">Mercedes-Benz GLS 63 AMG<\/figcaption><\/figure><\/li><li class=\"wp-block-jetpack-slideshow_slide swiper-slide\"><figure><img loading=\"lazy\" decoding=\"async\" width=\"1024\" height=\"768\" alt=\"Mercedes-Benz GLS 63 AMG\" class=\"wp-block-jetpack-slideshow_image wp-image-1196\" data-id=\"1196\" src=\"https:\/\/www.carmotive.es\/blog\/wp-content\/uploads\/2025\/10\/AnyConv.com__1CSy4Be3JwMX2WzKmaYHc7-1024x768.jpeg\" srcset=\"https:\/\/www.carmotive.es\/blog\/wp-content\/uploads\/2025\/10\/AnyConv.com__1CSy4Be3JwMX2WzKmaYHc7-1024x768.jpeg 1024w, https:\/\/www.carmotive.es\/blog\/wp-content\/uploads\/2025\/10\/AnyConv.com__1CSy4Be3JwMX2WzKmaYHc7-300x225.jpeg 300w, https:\/\/www.carmotive.es\/blog\/wp-content\/uploads\/2025\/10\/AnyConv.com__1CSy4Be3JwMX2WzKmaYHc7-768x576.jpeg 768w, https:\/\/www.carmotive.es\/blog\/wp-content\/uploads\/2025\/10\/AnyConv.com__1CSy4Be3JwMX2WzKmaYHc7.jpeg 1200w\" sizes=\"auto, (max-width: 1024px) 100vw, 1024px\" \/><figcaption class=\"wp-block-jetpack-slideshow_caption gallery-caption\">Mercedes-Benz GLS 63 AMG<\/figcaption><\/figure><\/li><li class=\"wp-block-jetpack-slideshow_slide swiper-slide\"><figure><img loading=\"lazy\" decoding=\"async\" width=\"1024\" height=\"768\" alt=\"Mercedes-Benz GLS 63 AMG\" class=\"wp-block-jetpack-slideshow_image wp-image-1205\" data-id=\"1205\" src=\"https:\/\/www.carmotive.es\/blog\/wp-content\/uploads\/2025\/10\/AnyConv.com__1CSy4Bec61yLaHejkVbqrx-1024x768.jpeg\" srcset=\"https:\/\/www.carmotive.es\/blog\/wp-content\/uploads\/2025\/10\/AnyConv.com__1CSy4Bec61yLaHejkVbqrx-1024x768.jpeg 1024w, https:\/\/www.carmotive.es\/blog\/wp-content\/uploads\/2025\/10\/AnyConv.com__1CSy4Bec61yLaHejkVbqrx-300x225.jpeg 300w, https:\/\/www.carmotive.es\/blog\/wp-content\/uploads\/2025\/10\/AnyConv.com__1CSy4Bec61yLaHejkVbqrx-768x576.jpeg 768w, https:\/\/www.carmotive.es\/blog\/wp-content\/uploads\/2025\/10\/AnyConv.com__1CSy4Bec61yLaHejkVbqrx.jpeg 1200w\" sizes=\"auto, (max-width: 1024px) 100vw, 1024px\" \/><figcaption class=\"wp-block-jetpack-slideshow_caption gallery-caption\">Mercedes-Benz GLS 63 AMG<\/figcaption><\/figure><\/li><li class=\"wp-block-jetpack-slideshow_slide swiper-slide\"><figure><img loading=\"lazy\" decoding=\"async\" width=\"1024\" height=\"768\" alt=\"Mercedes-Benz GLS 63 AMG\" class=\"wp-block-jetpack-slideshow_image wp-image-1204\" data-id=\"1204\" src=\"https:\/\/www.carmotive.es\/blog\/wp-content\/uploads\/2025\/10\/AnyConv.com__1CSy4BfAkrXn5EfAWsDSq5-1024x768.jpeg\" srcset=\"https:\/\/www.carmotive.es\/blog\/wp-content\/uploads\/2025\/10\/AnyConv.com__1CSy4BfAkrXn5EfAWsDSq5-1024x768.jpeg 1024w, https:\/\/www.carmotive.es\/blog\/wp-content\/uploads\/2025\/10\/AnyConv.com__1CSy4BfAkrXn5EfAWsDSq5-300x225.jpeg 300w, https:\/\/www.carmotive.es\/blog\/wp-content\/uploads\/2025\/10\/AnyConv.com__1CSy4BfAkrXn5EfAWsDSq5-768x576.jpeg 768w, https:\/\/www.carmotive.es\/blog\/wp-content\/uploads\/2025\/10\/AnyConv.com__1CSy4BfAkrXn5EfAWsDSq5.jpeg 1200w\" sizes=\"auto, (max-width: 1024px) 100vw, 1024px\" \/><figcaption class=\"wp-block-jetpack-slideshow_caption gallery-caption\">Mercedes-Benz GLS 63 AMG<\/figcaption><\/figure><\/li><li class=\"wp-block-jetpack-slideshow_slide swiper-slide\"><figure><img loading=\"lazy\" decoding=\"async\" width=\"1024\" height=\"768\" alt=\"Mercedes-Benz GLS 63 AMG\" class=\"wp-block-jetpack-slideshow_image wp-image-1200\" data-id=\"1200\" src=\"https:\/\/www.carmotive.es\/blog\/wp-content\/uploads\/2025\/10\/AnyConv.com__1CSy4BmuB75EbueeJzeoJP-1024x768.jpeg\" srcset=\"https:\/\/www.carmotive.es\/blog\/wp-content\/uploads\/2025\/10\/AnyConv.com__1CSy4BmuB75EbueeJzeoJP-1024x768.jpeg 1024w, https:\/\/www.carmotive.es\/blog\/wp-content\/uploads\/2025\/10\/AnyConv.com__1CSy4BmuB75EbueeJzeoJP-300x225.jpeg 300w, https:\/\/www.carmotive.es\/blog\/wp-content\/uploads\/2025\/10\/AnyConv.com__1CSy4BmuB75EbueeJzeoJP-768x576.jpeg 768w, https:\/\/www.carmotive.es\/blog\/wp-content\/uploads\/2025\/10\/AnyConv.com__1CSy4BmuB75EbueeJzeoJP.jpeg 1200w\" sizes=\"auto, (max-width: 1024px) 100vw, 1024px\" \/><figcaption class=\"wp-block-jetpack-slideshow_caption gallery-caption\">Mercedes-Benz GLS 63 AMG<\/figcaption><\/figure><\/li><li class=\"wp-block-jetpack-slideshow_slide swiper-slide\"><figure><img loading=\"lazy\" decoding=\"async\" width=\"1024\" height=\"768\" alt=\"Mercedes-Benz GLS 63 AMG\" class=\"wp-block-jetpack-slideshow_image wp-image-1203\" data-id=\"1203\" src=\"https:\/\/www.carmotive.es\/blog\/wp-content\/uploads\/2025\/10\/AnyConv.com__1CSy4C6Cht1wXMtB5TEqeE-1024x768.jpeg\" srcset=\"https:\/\/www.carmotive.es\/blog\/wp-content\/uploads\/2025\/10\/AnyConv.com__1CSy4C6Cht1wXMtB5TEqeE-1024x768.jpeg 1024w, https:\/\/www.carmotive.es\/blog\/wp-content\/uploads\/2025\/10\/AnyConv.com__1CSy4C6Cht1wXMtB5TEqeE-300x225.jpeg 300w, https:\/\/www.carmotive.es\/blog\/wp-content\/uploads\/2025\/10\/AnyConv.com__1CSy4C6Cht1wXMtB5TEqeE-768x576.jpeg 768w, https:\/\/www.carmotive.es\/blog\/wp-content\/uploads\/2025\/10\/AnyConv.com__1CSy4C6Cht1wXMtB5TEqeE.jpeg 1200w\" sizes=\"auto, (max-width: 1024px) 100vw, 1024px\" \/><figcaption class=\"wp-block-jetpack-slideshow_caption gallery-caption\">Mercedes-Benz GLS 63 AMG<\/figcaption><\/figure><\/li><li class=\"wp-block-jetpack-slideshow_slide swiper-slide\"><figure><img loading=\"lazy\" decoding=\"async\" width=\"1024\" height=\"768\" alt=\"Mercedes-Benz GLS 63 AMG\" class=\"wp-block-jetpack-slideshow_image wp-image-1190\" data-id=\"1190\" src=\"https:\/\/www.carmotive.es\/blog\/wp-content\/uploads\/2025\/10\/AnyConv.com__1CSy4CGZZXBm7pN6X8D9nu-1024x768.jpeg\" srcset=\"https:\/\/www.carmotive.es\/blog\/wp-content\/uploads\/2025\/10\/AnyConv.com__1CSy4CGZZXBm7pN6X8D9nu-1024x768.jpeg 1024w, https:\/\/www.carmotive.es\/blog\/wp-content\/uploads\/2025\/10\/AnyConv.com__1CSy4CGZZXBm7pN6X8D9nu-300x225.jpeg 300w, https:\/\/www.carmotive.es\/blog\/wp-content\/uploads\/2025\/10\/AnyConv.com__1CSy4CGZZXBm7pN6X8D9nu-768x576.jpeg 768w, https:\/\/www.carmotive.es\/blog\/wp-content\/uploads\/2025\/10\/AnyConv.com__1CSy4CGZZXBm7pN6X8D9nu.jpeg 1200w\" sizes=\"auto, (max-width: 1024px) 100vw, 1024px\" \/><figcaption class=\"wp-block-jetpack-slideshow_caption gallery-caption\">Mercedes-Benz GLS 63 AMG<\/figcaption><\/figure><\/li><li class=\"wp-block-jetpack-slideshow_slide swiper-slide\"><figure><img loading=\"lazy\" decoding=\"async\" width=\"1024\" height=\"768\" alt=\"Mercedes-Benz GLS 63 AMG\" class=\"wp-block-jetpack-slideshow_image wp-image-1193\" data-id=\"1193\" src=\"https:\/\/www.carmotive.es\/blog\/wp-content\/uploads\/2025\/10\/AnyConv.com__1CSy4CFdM1Lu1rMZJMVLiT-1024x768.jpeg\" srcset=\"https:\/\/www.carmotive.es\/blog\/wp-content\/uploads\/2025\/10\/AnyConv.com__1CSy4CFdM1Lu1rMZJMVLiT-1024x768.jpeg 1024w, https:\/\/www.carmotive.es\/blog\/wp-content\/uploads\/2025\/10\/AnyConv.com__1CSy4CFdM1Lu1rMZJMVLiT-300x225.jpeg 300w, https:\/\/www.carmotive.es\/blog\/wp-content\/uploads\/2025\/10\/AnyConv.com__1CSy4CFdM1Lu1rMZJMVLiT-768x576.jpeg 768w, https:\/\/www.carmotive.es\/blog\/wp-content\/uploads\/2025\/10\/AnyConv.com__1CSy4CFdM1Lu1rMZJMVLiT.jpeg 1200w\" sizes=\"auto, (max-width: 1024px) 100vw, 1024px\" \/><figcaption class=\"wp-block-jetpack-slideshow_caption gallery-caption\">Mercedes-Benz GLS 63 AMG<\/figcaption><\/figure><\/li><li class=\"wp-block-jetpack-slideshow_slide swiper-slide\"><figure><img loading=\"lazy\" decoding=\"async\" width=\"1024\" height=\"768\" alt=\"Mercedes-Benz GLS 63 AMG\" class=\"wp-block-jetpack-slideshow_image wp-image-1194\" data-id=\"1194\" src=\"https:\/\/www.carmotive.es\/blog\/wp-content\/uploads\/2025\/10\/AnyConv.com__1CSy4C7ZiGMnESe67EVf97-1024x768.jpeg\" srcset=\"https:\/\/www.carmotive.es\/blog\/wp-content\/uploads\/2025\/10\/AnyConv.com__1CSy4C7ZiGMnESe67EVf97-1024x768.jpeg 1024w, https:\/\/www.carmotive.es\/blog\/wp-content\/uploads\/2025\/10\/AnyConv.com__1CSy4C7ZiGMnESe67EVf97-300x225.jpeg 300w, https:\/\/www.carmotive.es\/blog\/wp-content\/uploads\/2025\/10\/AnyConv.com__1CSy4C7ZiGMnESe67EVf97-768x576.jpeg 768w, https:\/\/www.carmotive.es\/blog\/wp-content\/uploads\/2025\/10\/AnyConv.com__1CSy4C7ZiGMnESe67EVf97.jpeg 1200w\" sizes=\"auto, (max-width: 1024px) 100vw, 1024px\" \/><figcaption class=\"wp-block-jetpack-slideshow_caption gallery-caption\">Mercedes-Benz GLS 63 AMG<\/figcaption><\/figure><\/li><li class=\"wp-block-jetpack-slideshow_slide swiper-slide\"><figure><img loading=\"lazy\" decoding=\"async\" width=\"1024\" height=\"768\" alt=\"Mercedes-Benz GLS 63 AMG\" class=\"wp-block-jetpack-slideshow_image wp-image-1187\" data-id=\"1187\" src=\"https:\/\/www.carmotive.es\/blog\/wp-content\/uploads\/2025\/10\/AnyConv.com__1CSy4C7UBZ2gDvbgPkHRL9-1024x768.jpeg\" srcset=\"https:\/\/www.carmotive.es\/blog\/wp-content\/uploads\/2025\/10\/AnyConv.com__1CSy4C7UBZ2gDvbgPkHRL9-1024x768.jpeg 1024w, https:\/\/www.carmotive.es\/blog\/wp-content\/uploads\/2025\/10\/AnyConv.com__1CSy4C7UBZ2gDvbgPkHRL9-300x225.jpeg 300w, https:\/\/www.carmotive.es\/blog\/wp-content\/uploads\/2025\/10\/AnyConv.com__1CSy4C7UBZ2gDvbgPkHRL9-768x576.jpeg 768w, https:\/\/www.carmotive.es\/blog\/wp-content\/uploads\/2025\/10\/AnyConv.com__1CSy4C7UBZ2gDvbgPkHRL9.jpeg 1200w\" sizes=\"auto, (max-width: 1024px) 100vw, 1024px\" \/><figcaption class=\"wp-block-jetpack-slideshow_caption gallery-caption\">Mercedes-Benz GLS 63 AMG<\/figcaption><\/figure><\/li><li class=\"wp-block-jetpack-slideshow_slide swiper-slide\"><figure><img loading=\"lazy\" decoding=\"async\" width=\"1024\" height=\"768\" alt=\"Mercedes-Benz GLS 63 AMG\" class=\"wp-block-jetpack-slideshow_image wp-image-1210\" data-id=\"1210\" src=\"https:\/\/www.carmotive.es\/blog\/wp-content\/uploads\/2025\/10\/AnyConv.com__1CSy4C9DEbZhzZSDSrgpM3-1-1024x768.jpeg\" srcset=\"https:\/\/www.carmotive.es\/blog\/wp-content\/uploads\/2025\/10\/AnyConv.com__1CSy4C9DEbZhzZSDSrgpM3-1-1024x768.jpeg 1024w, https:\/\/www.carmotive.es\/blog\/wp-content\/uploads\/2025\/10\/AnyConv.com__1CSy4C9DEbZhzZSDSrgpM3-1-300x225.jpeg 300w, https:\/\/www.carmotive.es\/blog\/wp-content\/uploads\/2025\/10\/AnyConv.com__1CSy4C9DEbZhzZSDSrgpM3-1-768x576.jpeg 768w, https:\/\/www.carmotive.es\/blog\/wp-content\/uploads\/2025\/10\/AnyConv.com__1CSy4C9DEbZhzZSDSrgpM3-1.jpeg 1200w\" sizes=\"auto, (max-width: 1024px) 100vw, 1024px\" \/><figcaption class=\"wp-block-jetpack-slideshow_caption gallery-caption\">Mercedes-Benz GLS 63 AMG<\/figcaption><\/figure><\/li><li class=\"wp-block-jetpack-slideshow_slide swiper-slide\"><figure><img loading=\"lazy\" decoding=\"async\" width=\"1024\" height=\"768\" alt=\"Mercedes-Benz GLS 63 AMG\" class=\"wp-block-jetpack-slideshow_image wp-image-1192\" data-id=\"1192\" src=\"https:\/\/www.carmotive.es\/blog\/wp-content\/uploads\/2025\/10\/AnyConv.com__1CSy4C7myhCkGEc8gTVXwN-1024x768.jpeg\" srcset=\"https:\/\/www.carmotive.es\/blog\/wp-content\/uploads\/2025\/10\/AnyConv.com__1CSy4C7myhCkGEc8gTVXwN-1024x768.jpeg 1024w, https:\/\/www.carmotive.es\/blog\/wp-content\/uploads\/2025\/10\/AnyConv.com__1CSy4C7myhCkGEc8gTVXwN-300x225.jpeg 300w, https:\/\/www.carmotive.es\/blog\/wp-content\/uploads\/2025\/10\/AnyConv.com__1CSy4C7myhCkGEc8gTVXwN-768x576.jpeg 768w, https:\/\/www.carmotive.es\/blog\/wp-content\/uploads\/2025\/10\/AnyConv.com__1CSy4C7myhCkGEc8gTVXwN.jpeg 1200w\" sizes=\"auto, (max-width: 1024px) 100vw, 1024px\" \/><figcaption class=\"wp-block-jetpack-slideshow_caption gallery-caption\">Mercedes-Benz GLS 63 AMG<\/figcaption><\/figure><\/li><li class=\"wp-block-jetpack-slideshow_slide swiper-slide\"><figure><img loading=\"lazy\" decoding=\"async\" width=\"1024\" height=\"768\" alt=\"Mercedes-Benz GLS 63 AMG\" class=\"wp-block-jetpack-slideshow_image wp-image-1188\" data-id=\"1188\" src=\"https:\/\/www.carmotive.es\/blog\/wp-content\/uploads\/2025\/10\/AnyConv.com__1CSy4BnMjCodgPjU6t74w4-1024x768.jpeg\" srcset=\"https:\/\/www.carmotive.es\/blog\/wp-content\/uploads\/2025\/10\/AnyConv.com__1CSy4BnMjCodgPjU6t74w4-1024x768.jpeg 1024w, https:\/\/www.carmotive.es\/blog\/wp-content\/uploads\/2025\/10\/AnyConv.com__1CSy4BnMjCodgPjU6t74w4-300x225.jpeg 300w, https:\/\/www.carmotive.es\/blog\/wp-content\/uploads\/2025\/10\/AnyConv.com__1CSy4BnMjCodgPjU6t74w4-768x576.jpeg 768w, https:\/\/www.carmotive.es\/blog\/wp-content\/uploads\/2025\/10\/AnyConv.com__1CSy4BnMjCodgPjU6t74w4.jpeg 1200w\" sizes=\"auto, (max-width: 1024px) 100vw, 1024px\" \/><figcaption class=\"wp-block-jetpack-slideshow_caption gallery-caption\">Mercedes-Benz GLS 63 AMG<\/figcaption><\/figure><\/li><li class=\"wp-block-jetpack-slideshow_slide swiper-slide\"><figure><img loading=\"lazy\" decoding=\"async\" width=\"1024\" height=\"768\" alt=\"Mercedes-Benz GLS 63 AMG\" class=\"wp-block-jetpack-slideshow_image wp-image-1208\" data-id=\"1208\" src=\"https:\/\/www.carmotive.es\/blog\/wp-content\/uploads\/2025\/10\/AnyConv.com__1CSy4CFcecuoD3vdmuiSLb-1024x768.jpeg\" srcset=\"https:\/\/www.carmotive.es\/blog\/wp-content\/uploads\/2025\/10\/AnyConv.com__1CSy4CFcecuoD3vdmuiSLb-1024x768.jpeg 1024w, https:\/\/www.carmotive.es\/blog\/wp-content\/uploads\/2025\/10\/AnyConv.com__1CSy4CFcecuoD3vdmuiSLb-300x225.jpeg 300w, https:\/\/www.carmotive.es\/blog\/wp-content\/uploads\/2025\/10\/AnyConv.com__1CSy4CFcecuoD3vdmuiSLb-768x576.jpeg 768w, https:\/\/www.carmotive.es\/blog\/wp-content\/uploads\/2025\/10\/AnyConv.com__1CSy4CFcecuoD3vdmuiSLb.jpeg 1200w\" sizes=\"auto, (max-width: 1024px) 100vw, 1024px\" \/><figcaption class=\"wp-block-jetpack-slideshow_caption gallery-caption\">Mercedes-Benz GLS 63 AMG<\/figcaption><\/figure><\/li><li class=\"wp-block-jetpack-slideshow_slide swiper-slide\"><figure><img loading=\"lazy\" decoding=\"async\" width=\"1024\" height=\"768\" alt=\"Mercedes-Benz GLS 63 AMG\" class=\"wp-block-jetpack-slideshow_image wp-image-1191\" data-id=\"1191\" src=\"https:\/\/www.carmotive.es\/blog\/wp-content\/uploads\/2025\/10\/AnyConv.com__1CSy4CGo6a1ToS6tYjcSyE-1024x768.jpeg\" srcset=\"https:\/\/www.carmotive.es\/blog\/wp-content\/uploads\/2025\/10\/AnyConv.com__1CSy4CGo6a1ToS6tYjcSyE-1024x768.jpeg 1024w, https:\/\/www.carmotive.es\/blog\/wp-content\/uploads\/2025\/10\/AnyConv.com__1CSy4CGo6a1ToS6tYjcSyE-300x225.jpeg 300w, https:\/\/www.carmotive.es\/blog\/wp-content\/uploads\/2025\/10\/AnyConv.com__1CSy4CGo6a1ToS6tYjcSyE-768x576.jpeg 768w, https:\/\/www.carmotive.es\/blog\/wp-content\/uploads\/2025\/10\/AnyConv.com__1CSy4CGo6a1ToS6tYjcSyE.jpeg 1200w\" sizes=\"auto, (max-width: 1024px) 100vw, 1024px\" \/><figcaption class=\"wp-block-jetpack-slideshow_caption gallery-caption\">Mercedes-Benz GLS 63 AMG<\/figcaption><\/figure><\/li><li class=\"wp-block-jetpack-slideshow_slide swiper-slide\"><figure><img loading=\"lazy\" decoding=\"async\" width=\"1024\" height=\"768\" alt=\"Mercedes-Benz GLS 63 AMG\" class=\"wp-block-jetpack-slideshow_image wp-image-1201\" data-id=\"1201\" src=\"https:\/\/www.carmotive.es\/blog\/wp-content\/uploads\/2025\/10\/AnyConv.com__1CSy4CGoXTck35aa3meDMN-1024x768.jpeg\" srcset=\"https:\/\/www.carmotive.es\/blog\/wp-content\/uploads\/2025\/10\/AnyConv.com__1CSy4CGoXTck35aa3meDMN-1024x768.jpeg 1024w, https:\/\/www.carmotive.es\/blog\/wp-content\/uploads\/2025\/10\/AnyConv.com__1CSy4CGoXTck35aa3meDMN-300x225.jpeg 300w, https:\/\/www.carmotive.es\/blog\/wp-content\/uploads\/2025\/10\/AnyConv.com__1CSy4CGoXTck35aa3meDMN-768x576.jpeg 768w, https:\/\/www.carmotive.es\/blog\/wp-content\/uploads\/2025\/10\/AnyConv.com__1CSy4CGoXTck35aa3meDMN.jpeg 1200w\" sizes=\"auto, (max-width: 1024px) 100vw, 1024px\" \/><figcaption class=\"wp-block-jetpack-slideshow_caption gallery-caption\">Mercedes-Benz GLS 63 AMG<\/figcaption><\/figure><\/li><li class=\"wp-block-jetpack-slideshow_slide swiper-slide\"><figure><img loading=\"lazy\" decoding=\"async\" width=\"1024\" height=\"768\" alt=\"Mercedes-Benz GLS 63 AMG\" class=\"wp-block-jetpack-slideshow_image wp-image-1202\" data-id=\"1202\" src=\"https:\/\/www.carmotive.es\/blog\/wp-content\/uploads\/2025\/10\/AnyConv.com__1CSy4CQtyHWHZukP6GqSNC-1024x768.jpeg\" srcset=\"https:\/\/www.carmotive.es\/blog\/wp-content\/uploads\/2025\/10\/AnyConv.com__1CSy4CQtyHWHZukP6GqSNC-1024x768.jpeg 1024w, https:\/\/www.carmotive.es\/blog\/wp-content\/uploads\/2025\/10\/AnyConv.com__1CSy4CQtyHWHZukP6GqSNC-300x225.jpeg 300w, https:\/\/www.carmotive.es\/blog\/wp-content\/uploads\/2025\/10\/AnyConv.com__1CSy4CQtyHWHZukP6GqSNC-768x576.jpeg 768w, https:\/\/www.carmotive.es\/blog\/wp-content\/uploads\/2025\/10\/AnyConv.com__1CSy4CQtyHWHZukP6GqSNC.jpeg 1200w\" sizes=\"auto, (max-width: 1024px) 100vw, 1024px\" \/><figcaption class=\"wp-block-jetpack-slideshow_caption gallery-caption\">Mercedes-Benz GLS 63 AMG<\/figcaption><\/figure><\/li><li class=\"wp-block-jetpack-slideshow_slide swiper-slide\"><figure><img loading=\"lazy\" decoding=\"async\" width=\"1024\" height=\"768\" alt=\"Mercedes-Benz GLS 63 AMG\" class=\"wp-block-jetpack-slideshow_image wp-image-1197\" data-id=\"1197\" src=\"https:\/\/www.carmotive.es\/blog\/wp-content\/uploads\/2025\/10\/AnyConv.com__1CSy4CRH5QGRDWE4Uwi9cr-1024x768.jpeg\" srcset=\"https:\/\/www.carmotive.es\/blog\/wp-content\/uploads\/2025\/10\/AnyConv.com__1CSy4CRH5QGRDWE4Uwi9cr-1024x768.jpeg 1024w, https:\/\/www.carmotive.es\/blog\/wp-content\/uploads\/2025\/10\/AnyConv.com__1CSy4CRH5QGRDWE4Uwi9cr-300x225.jpeg 300w, https:\/\/www.carmotive.es\/blog\/wp-content\/uploads\/2025\/10\/AnyConv.com__1CSy4CRH5QGRDWE4Uwi9cr-768x576.jpeg 768w, https:\/\/www.carmotive.es\/blog\/wp-content\/uploads\/2025\/10\/AnyConv.com__1CSy4CRH5QGRDWE4Uwi9cr.jpeg 1200w\" sizes=\"auto, (max-width: 1024px) 100vw, 1024px\" \/><figcaption class=\"wp-block-jetpack-slideshow_caption gallery-caption\">Mercedes-Benz GLS 63 AMG<\/figcaption><\/figure><\/li><li class=\"wp-block-jetpack-slideshow_slide swiper-slide\"><figure><img loading=\"lazy\" decoding=\"async\" width=\"1024\" height=\"768\" alt=\"Mercedes-Benz GLS 63 AMG\" class=\"wp-block-jetpack-slideshow_image wp-image-1195\" data-id=\"1195\" src=\"https:\/\/www.carmotive.es\/blog\/wp-content\/uploads\/2025\/10\/AnyConv.com__1CSy4Byjq8u7VKbqGSVhCG-1024x768.jpeg\" srcset=\"https:\/\/www.carmotive.es\/blog\/wp-content\/uploads\/2025\/10\/AnyConv.com__1CSy4Byjq8u7VKbqGSVhCG-1024x768.jpeg 1024w, https:\/\/www.carmotive.es\/blog\/wp-content\/uploads\/2025\/10\/AnyConv.com__1CSy4Byjq8u7VKbqGSVhCG-300x225.jpeg 300w, https:\/\/www.carmotive.es\/blog\/wp-content\/uploads\/2025\/10\/AnyConv.com__1CSy4Byjq8u7VKbqGSVhCG-768x576.jpeg 768w, https:\/\/www.carmotive.es\/blog\/wp-content\/uploads\/2025\/10\/AnyConv.com__1CSy4Byjq8u7VKbqGSVhCG.jpeg 1200w\" sizes=\"auto, (max-width: 1024px) 100vw, 1024px\" \/><figcaption class=\"wp-block-jetpack-slideshow_caption gallery-caption\">Mercedes-Benz GLS 63 AMG<\/figcaption><\/figure><\/li><li class=\"wp-block-jetpack-slideshow_slide swiper-slide\"><figure><img loading=\"lazy\" decoding=\"async\" width=\"1024\" height=\"768\" alt=\"Mercedes-Benz GLS 63 AMG\" class=\"wp-block-jetpack-slideshow_image wp-image-1209\" data-id=\"1209\" src=\"https:\/\/www.carmotive.es\/blog\/wp-content\/uploads\/2025\/10\/AnyConv.com__1CSy4CRohUswZYr6MD6QMj-1024x768.jpeg\" srcset=\"https:\/\/www.carmotive.es\/blog\/wp-content\/uploads\/2025\/10\/AnyConv.com__1CSy4CRohUswZYr6MD6QMj-1024x768.jpeg 1024w, https:\/\/www.carmotive.es\/blog\/wp-content\/uploads\/2025\/10\/AnyConv.com__1CSy4CRohUswZYr6MD6QMj-300x225.jpeg 300w, https:\/\/www.carmotive.es\/blog\/wp-content\/uploads\/2025\/10\/AnyConv.com__1CSy4CRohUswZYr6MD6QMj-768x576.jpeg 768w, https:\/\/www.carmotive.es\/blog\/wp-content\/uploads\/2025\/10\/AnyConv.com__1CSy4CRohUswZYr6MD6QMj.jpeg 1200w\" sizes=\"auto, (max-width: 1024px) 100vw, 1024px\" \/><figcaption class=\"wp-block-jetpack-slideshow_caption gallery-caption\">Mercedes-Benz GLS 63 AMG<\/figcaption><\/figure><\/li><li class=\"wp-block-jetpack-slideshow_slide swiper-slide\"><figure><img loading=\"lazy\" decoding=\"async\" width=\"1024\" height=\"768\" alt=\"Mercedes-Benz GLS 63 AMG\" class=\"wp-block-jetpack-slideshow_image wp-image-1207\" data-id=\"1207\" src=\"https:\/\/www.carmotive.es\/blog\/wp-content\/uploads\/2025\/10\/AnyConv.com__1CSy4BxHB7ARm4nwbxrmQL-1024x768.jpeg\" srcset=\"https:\/\/www.carmotive.es\/blog\/wp-content\/uploads\/2025\/10\/AnyConv.com__1CSy4BxHB7ARm4nwbxrmQL-1024x768.jpeg 1024w, https:\/\/www.carmotive.es\/blog\/wp-content\/uploads\/2025\/10\/AnyConv.com__1CSy4BxHB7ARm4nwbxrmQL-300x225.jpeg 300w, https:\/\/www.carmotive.es\/blog\/wp-content\/uploads\/2025\/10\/AnyConv.com__1CSy4BxHB7ARm4nwbxrmQL-768x576.jpeg 768w, https:\/\/www.carmotive.es\/blog\/wp-content\/uploads\/2025\/10\/AnyConv.com__1CSy4BxHB7ARm4nwbxrmQL.jpeg 1200w\" sizes=\"auto, (max-width: 1024px) 100vw, 1024px\" \/><figcaption class=\"wp-block-jetpack-slideshow_caption gallery-caption\">Mercedes-Benz GLS 63 AMG<\/figcaption><\/figure><\/li><li class=\"wp-block-jetpack-slideshow_slide swiper-slide\"><figure><img loading=\"lazy\" decoding=\"async\" width=\"1024\" height=\"768\" alt=\"Mercedes-Benz GLS 63 AMG\" class=\"wp-block-jetpack-slideshow_image wp-image-1206\" data-id=\"1206\" src=\"https:\/\/www.carmotive.es\/blog\/wp-content\/uploads\/2025\/10\/AnyConv.com__1CSy4Ca942dr12R86cWSkT-1024x768.jpeg\" srcset=\"https:\/\/www.carmotive.es\/blog\/wp-content\/uploads\/2025\/10\/AnyConv.com__1CSy4Ca942dr12R86cWSkT-1024x768.jpeg 1024w, https:\/\/www.carmotive.es\/blog\/wp-content\/uploads\/2025\/10\/AnyConv.com__1CSy4Ca942dr12R86cWSkT-300x225.jpeg 300w, https:\/\/www.carmotive.es\/blog\/wp-content\/uploads\/2025\/10\/AnyConv.com__1CSy4Ca942dr12R86cWSkT-768x576.jpeg 768w, https:\/\/www.carmotive.es\/blog\/wp-content\/uploads\/2025\/10\/AnyConv.com__1CSy4Ca942dr12R86cWSkT.jpeg 1200w\" sizes=\"auto, (max-width: 1024px) 100vw, 1024px\" \/><figcaption class=\"wp-block-jetpack-slideshow_caption gallery-caption\">Mercedes-Benz GLS 63 AMG<\/figcaption><\/figure><\/li><\/ul><a class=\"wp-block-jetpack-slideshow_button-prev swiper-button-prev swiper-button-white\" role=\"button\"><\/a><a class=\"wp-block-jetpack-slideshow_button-next swiper-button-next swiper-button-white\" role=\"button\"><\/a><a aria-label=\"Pause Slideshow\" class=\"wp-block-jetpack-slideshow_button-pause\" role=\"button\"><\/a><div class=\"wp-block-jetpack-slideshow_pagination swiper-pagination swiper-pagination-white\"><\/div><\/div><\/div>\n\n\n\n<div class=\"wp-block-buttons is-layout-flex wp-block-buttons-is-layout-flex\">\n<div class=\"wp-block-button\"><a class=\"wp-block-button__link wp-element-button\" href=\"https:\/\/www.carmotive.es\/coches-segunda-mano\/mercedes-benz\/gls-63-amg\/4matic-430-kw-585-cv\">Oferta Mercedes-Benz&nbsp;GLS 63 AMG Segunda mano<\/a><\/div>\n<\/div>\n\n\n\n<h2 class=\"wp-block-heading\">Dise\u00f1o exterior y dimensiones del Mercedes Benz GLS 63 AMG 4MATIC 430kW<\/h2>\n\n\n\n<p>El dise\u00f1o exterior del <strong>Mercedes Benz GLS 63 AMG 4MATIC 430kW <\/strong>capta la atenci\u00f3n desde el primer momento. Este SUV combina elegancia y deportividad, lo que lo convierte en un referente en su categor\u00eda.<\/p>\n\n\n\n<h3 class=\"wp-block-heading\">Caracter\u00edsticas est\u00e9ticas distintivas<\/h3>\n\n\n\n<p>La est\u00e9tica del<strong> GLS 63 AMG <\/strong>es una verdadera declaraci\u00f3n de intenciones. Con l\u00edneas definidas y una silueta robusta, exhibe una presencia imponente. La parrilla frontal, con su emblem\u00e1tico logo de <strong>Mercedes-Benz<\/strong>, se convierte en el centro de atenci\u00f3n, rodeada de acabados en cromo que destacan su exclusividad. Este <strong>SUV<\/strong> no solo es elegante, sino tambi\u00e9n lleno de car\u00e1cter, ofreciendo un dise\u00f1o que refleja modernidad y lujo.<\/p>\n\n\n\n<figure class=\"wp-block-embed is-type-video is-provider-youtube wp-block-embed-youtube wp-embed-aspect-16-9 wp-has-aspect-ratio\"><div class=\"wp-block-embed__wrapper\">\n<iframe loading=\"lazy\" title=\"Mercedes-Benz GLS 63 AMG 4MATIC 585 CV | SUV de lujo 7 plazas Full Equipado (2016)\" width=\"800\" height=\"450\" src=\"https:\/\/www.youtube.com\/embed\/z2XVteJCgTk?feature=oembed\" frameborder=\"0\" allow=\"accelerometer; autoplay; clipboard-write; encrypted-media; gyroscope; picture-in-picture; web-share\" referrerpolicy=\"strict-origin-when-cross-origin\" allowfullscreen><\/iframe>\n<\/div><\/figure>\n\n\n\n<h3 class=\"wp-block-heading\">Dimensiones y presencia en carretera<\/h3>\n\n\n\n<p>Las dimensiones del <strong>GLS 63 AMG<\/strong> son impresionantes. Con una longitud de 5.207 mm, un ancho de 2.022 mm y una altura de 1.850 mm, se posiciona como uno de los <strong>SUV<\/strong> m\u00e1s grandes y espaciosos del mercado. Estas medidas no solo contribuyen a su est\u00e9tica monumental, sino que tambi\u00e9n aseguran una presencia dominante en la carretera. Su dise\u00f1o le permite no pasar desapercibido, ofreciendo una combinaci\u00f3n perfecta entre tama\u00f1o y elegancia. La longitud se traduce en un amplio espacio interior, mientras que el ancho garantiza una estabilidad excepcional durante la conducci\u00f3n.<\/p>\n\n\n\n<h3 class=\"wp-block-heading\">Elementos funcionales del exterior<\/h3>\n\n\n\n<p>El <strong>GLS 63 AMG<\/strong> est\u00e1 equipado con diversos elementos que no solo aportan a su est\u00e9tica, sino que tambi\u00e9n optimizan su rendimiento y funcionalidad en carretera.<\/p>\n\n\n\n<h4 class=\"wp-block-heading\">Faros LED y sistema de iluminaci\u00f3n<\/h4>\n\n\n\n<p>Los faros LED de este modelo no solo mejoran la visibilidad en condiciones de baja luminosidad, sino que tambi\u00e9n brindan un dise\u00f1o distintivo. La firma luminosa de los faros LED en forma de \u00abC\u00bb resalta por la noche, proyectando una imagen de sofisticaci\u00f3n. El sistema de iluminaci\u00f3n est\u00e1 dise\u00f1ado para adaptarse a diferentes situaciones de conducci\u00f3n, mejorando la seguridad en cada viaje.<\/p>\n\n\n\n<h4 class=\"wp-block-heading\">Llantas y pasos de rueda<\/h4>\n\n\n\n<p>Las llantas de aleaci\u00f3n de gran tama\u00f1o son un destacable componente del dise\u00f1o exterior. No solo ofrecen un aspecto impactante, sino que tambi\u00e9n est\u00e1n dise\u00f1adas para mejorar la din\u00e1mica del veh\u00edculo en carretera. Los pasos de rueda acentuados complementan este dise\u00f1o, subrayando su robustez y d\u00e1ndole un toque deportivo que resalta a\u00fan m\u00e1s su herencia AMG.<\/p>\n\n\n\n<h4 class=\"wp-block-heading\">Detalles deportivos: difusor y tubos de escape<\/h4>\n\n\n\n<p>Los detalles en el dise\u00f1o trasero del <strong>GLS 63 AMG<\/strong>, como el difusor y los tubos de escape dobles, a\u00f1aden un car\u00e1cter deportivo sin sacrificar la elegancia. El difusor no solo contribuye a la aerodin\u00e1mica del veh\u00edculo, sino que tambi\u00e9n crea una est\u00e9tica m\u00e1s agresiva, ideal para quienes buscan un SUV que combina lujo y rendimiento. Los tubos de escape, ubicados de manera estrat\u00e9gica, no solo cumplen una funci\u00f3n funcional, sino que tambi\u00e9n refuerzan la apariencia atl\u00e9tica del modelo.<\/p>\n\n\n\n<h2 class=\"wp-block-heading\">Interior y confort en el Mercedes Benz GLS 63 AMG<\/h2>\n\n\n\n<figure class=\"wp-block-image size-large is-resized\"><img loading=\"lazy\" decoding=\"async\" width=\"1024\" height=\"576\" src=\"https:\/\/www.carmotive.es\/blog\/wp-content\/uploads\/2025\/10\/Mercedes-Benz-GLS-63-AMG-2-1-1024x576.jpg\" alt=\"Mercedes-Benz GLS 63 AMG 4MATIC\" class=\"wp-image-1212\" style=\"width:778px;height:auto\" srcset=\"https:\/\/www.carmotive.es\/blog\/wp-content\/uploads\/2025\/10\/Mercedes-Benz-GLS-63-AMG-2-1-1024x576.jpg 1024w, https:\/\/www.carmotive.es\/blog\/wp-content\/uploads\/2025\/10\/Mercedes-Benz-GLS-63-AMG-2-1-300x169.jpg 300w, https:\/\/www.carmotive.es\/blog\/wp-content\/uploads\/2025\/10\/Mercedes-Benz-GLS-63-AMG-2-1-768x432.jpg 768w, https:\/\/www.carmotive.es\/blog\/wp-content\/uploads\/2025\/10\/Mercedes-Benz-GLS-63-AMG-2-1.jpg 1280w\" sizes=\"auto, (max-width: 1024px) 100vw, 1024px\" \/><figcaption class=\"wp-element-caption\">Mercedes Benz GLS 63 AMG 4MATIC <\/figcaption><\/figure>\n\n\n\n<p>El interior del <strong>Mercedes Benz GLS 63 AMG<\/strong> es un espacio donde el lujo se encuentra con la tecnolog\u00eda avanzada, proporcionando una experiencia de confort inigualable. Cada detalle ha sido dise\u00f1ado pensando en el bienestar de los ocupantes.<\/p>\n\n\n\n<h3 class=\"wp-block-heading\">Materiales y acabados premium<\/h3>\n\n\n\n<p>En el habit\u00e1culo predominan los materiales de alta calidad que reflejan la excelencia de la marca. La tapicer\u00eda de cuero premium envuelve los asientos, mientras que los acabados en madera aportan un toque de elegancia. Estos elementos no solo elevan la est\u00e9tica, sino que tambi\u00e9n crean un ambiente acogedor y lujoso.<\/p>\n\n\n\n<h3 class=\"wp-block-heading\">Capacidad y configuraci\u00f3n de asientos<\/h3>\n\n\n\n<p>Este SUV ofrece una notable capacidad que permite acomodar hasta siete pasajeros en tres filas de asientos. La configuraci\u00f3n flexible de los asientos facilita el uso del espacio de carga o la maximizaci\u00f3n de la comodidad de los pasajeros.<\/p>\n\n\n\n<div class=\"wp-block-buttons is-layout-flex wp-block-buttons-is-layout-flex\">\n<div class=\"wp-block-button\"><a class=\"wp-block-button__link wp-element-button\" href=\"https:\/\/www.carmotive.es\/coches-segunda-mano\/mercedes-benz\/gls-63-amg\/4matic-430-kw-585-cv\">Oferta Mercedes-Benz&nbsp;GLS 63 AMG Segunda mano<\/a><\/div>\n<\/div>\n\n\n\n<h4 class=\"wp-block-heading\">Confort en primera fila: calefacci\u00f3n, ventilaci\u00f3n y masaje<\/h4>\n\n\n\n<p>Los asientos delanteros del <strong>GLS 63 AMG<\/strong> est\u00e1n dise\u00f1ados para ofrecer el m\u00e1ximo confort. Equipados con funciones de calefacci\u00f3n y ventilaci\u00f3n, proporcionan un ambiente agradable en cualquier estaci\u00f3n del a\u00f1o. Adem\u00e1s, la funci\u00f3n de masaje transforma los trayectos largos en verdaderas experiencias de relajaci\u00f3n para el conductor y el pasajero del acompa\u00f1ante.<\/p>\n\n\n\n<h4 class=\"wp-block-heading\">Flexibilidad en segunda y tercera fila<\/h4>\n\n\n\n<p>Las segundas y terceras filas de asientos son f\u00e1cilmente configurables, lo que permite adaptar el espacio seg\u00fan las necesidades del momento. Los asientos pueden ser reclinados o abatidos, creando un \u00e1rea generosa para el equipaje. Esta versatilidad garantiza que cada viaje sea c\u00f3modo, independientemente de la cantidad de pasajeros o carga.<\/p>\n\n\n\n<h3 class=\"wp-block-heading\">Tecnolog\u00eda a bordo: sistema MBUX y conectividad<\/h3>\n\n\n\n<p>La tecnolog\u00eda se integra a la perfecci\u00f3n en el interior del GLS 63 AMG, destac\u00e1ndose el sistema MBUX (Mercedes-Benz User Experience). Este inteligente sistema adapta la experiencia del usuario a sus preferencias, ofreciendo una interfaz intuitiva y de f\u00e1cil uso.<\/p>\n\n\n\n<figure class=\"wp-block-image size-large\"><img loading=\"lazy\" decoding=\"async\" width=\"1024\" height=\"576\" src=\"https:\/\/www.carmotive.es\/blog\/wp-content\/uploads\/2025\/10\/Mercedes-Benz-GLS-63-AMG-3-1024x576.jpg\" alt=\"Mercedes-Benz GLS 63 AMG\" class=\"wp-image-1213\" srcset=\"https:\/\/www.carmotive.es\/blog\/wp-content\/uploads\/2025\/10\/Mercedes-Benz-GLS-63-AMG-3-1024x576.jpg 1024w, https:\/\/www.carmotive.es\/blog\/wp-content\/uploads\/2025\/10\/Mercedes-Benz-GLS-63-AMG-3-300x169.jpg 300w, https:\/\/www.carmotive.es\/blog\/wp-content\/uploads\/2025\/10\/Mercedes-Benz-GLS-63-AMG-3-768x432.jpg 768w, https:\/\/www.carmotive.es\/blog\/wp-content\/uploads\/2025\/10\/Mercedes-Benz-GLS-63-AMG-3.jpg 1280w\" sizes=\"auto, (max-width: 1024px) 100vw, 1024px\" \/><figcaption class=\"wp-element-caption\">Mercedes-Benz GLS 63 AMG<\/figcaption><\/figure>\n\n\n\n<h4 class=\"wp-block-heading\">Pantallas y panel de instrumentos digital<\/h4>\n\n\n\n<p>Las pantallas de alta definici\u00f3n no solo son visualmente impresionantes, sino que tambi\u00e9n ofrecen informaci\u00f3n vital de manera clara. El panel de instrumentos digital puede ser personalizado, permitiendo al conductor acceder a datos relevantes con facilidad. Esta avanzada tecnolog\u00eda aumenta la comodidad y la seguridad durante la conducci\u00f3n.<\/p>\n\n\n\n<h4 class=\"wp-block-heading\">Integraci\u00f3n con smartphones: Apple CarPlay y Android Auto<\/h4>\n\n\n\n<p>El <strong>GLS 63 AMG<\/strong> permite una f\u00e1cil integraci\u00f3n con dispositivos m\u00f3viles a trav\u00e9s de Apple CarPlay y Android Auto. Esta conectividad facilita el acceso a aplicaciones de navegaci\u00f3n, m\u00fasica y comunicaci\u00f3n, mejorando la experiencia de usuario y asegurando que los ocupantes permanezcan conectados en todo momento.<\/p>\n\n\n\n<h4 class=\"wp-block-heading\">Sonido premium y experiencia auditiva<\/h4>\n\n\n\n<p>Con un sistema de sonido de alta gama, cada viaje se convierte en un deleite auditorio. Los altavoces premium distribuyen el sonido de manera uniforme, creando un ambiente envolvente. Esto transforma las simplemente largas traves\u00edas en agradables momentos donde la m\u00fasica y el confort se unen.<\/p>\n\n\n\n<h2 class=\"wp-block-heading\">Motor, rendimiento y experiencia de conducci\u00f3n<\/h2>\n\n\n\n<p>Definir el motor y rendimiento de un veh\u00edculo es esencial, especialmente cuando se habla de un modelo de alto rendimiento. En este caso, el hast\u00edo de la conducci\u00f3n se transforma en pura emoci\u00f3n.<\/p>\n\n\n\n<h3 class=\"wp-block-heading\">Especificaciones del motor V8 biturbo de 5.5 litros<\/h3>\n\n\n\n<p>Este SUV incorpora un motor V8 biturbo de 5.5 litros, dise\u00f1ado para ofrecer un equilibrio perfecto entre potencia y eficiencia. Este motor destaca por su complejidad e ingenier\u00eda avanzada, logrando que cada viaje sea una experiencia \u00fanica.<\/p>\n\n\n\n<h3 class=\"wp-block-heading\">Datos de potencia y par motor<\/h3>\n\n\n\n<p>Con una impresionante potencia m\u00e1xima de 585 CV, se convierte en uno de los SUV m\u00e1s potentes de su categor\u00eda. El par motor alcanza los 760 Nm, lo que garantiza una respuesta r\u00e1pida y directa a cada aceleraci\u00f3n. Este nivel de potencia permite que el veh\u00edculo despliegue un rendimiento sobresaliente tanto en carreteras como en terrenos m\u00e1s desafiantes.<\/p>\n\n\n\n<div class=\"wp-block-buttons is-layout-flex wp-block-buttons-is-layout-flex\">\n<div class=\"wp-block-button\"><a class=\"wp-block-button__link wp-element-button\" href=\"https:\/\/www.carmotive.es\/coches-segunda-mano\/mercedes-benz\/gls-63-amg\/4matic-430-kw-585-cv\">Oferta Mercedes-Benz&nbsp;GLS 63 AMG Segunda mano<\/a><\/div>\n<\/div>\n\n\n\n<h3 class=\"wp-block-heading\">Aceleraci\u00f3n y comportamiento din\u00e1mico<\/h3>\n\n\n\n<p>La aceleraci\u00f3n de 0 a 100 km\/h se completa en aproximadamente 4.6 segundos, posicion\u00e1ndolo entre los SUV m\u00e1s veloces del mercado. La combinaci\u00f3n de su potente motorizaci\u00f3n y su sofisticado sistema de tracci\u00f3n proporciona una experiencia de conducci\u00f3n din\u00e1mica y emocionante. La sensaci\u00f3n al volante es de un control absoluto, lo que genera confianza en cada viaje.<\/p>\n\n\n\n<h3 class=\"wp-block-heading\">Transmisi\u00f3n y sistema 4MATIC<\/h3>\n\n\n\n<p>Este modelo cuenta con una transmisi\u00f3n autom\u00e1tica de siete velocidades 7G-TRONIC SPEEDSHIFT, que asegura cambios suaves y r\u00e1pidos. El sistema de tracci\u00f3n integral 4MATIC proporciona m\u00e1xima adherencia en diversas condiciones clim\u00e1ticas y de terreno, contribuyendo al comportamiento estable del veh\u00edculo en cualquier situaci\u00f3n.<\/p>\n\n\n\n<h3 class=\"wp-block-heading\">Suspensi\u00f3n neum\u00e1tica AIRMATIC y adaptaci\u00f3n al terreno<\/h3>\n\n\n\n<p>La suspensi\u00f3n neum\u00e1tica AIRMATIC es una caracter\u00edstica destacada que permite ajustar la altura del veh\u00edculo seg\u00fan las condiciones del terreno. Este sistema se adapta autom\u00e1ticamente, ofreciendo un equilibrio ideal entre confort y rendimiento.<\/p>\n\n\n\n<h4 class=\"wp-block-heading\">Ajustes autom\u00e1ticos seg\u00fan condiciones de conducci\u00f3n<\/h4>\n\n\n\n<p>La suspensi\u00f3n se adapta a distintos modos de conducci\u00f3n, proporcionando una experiencia de conducci\u00f3n m\u00e1s c\u00f3moda en carreteras pavimentadas y una mayor firmeza en terrenos irregulares. Este tipo de inteligencia en la suspensi\u00f3n garantiza que cada viaje se realice en condiciones \u00f3ptimas.<\/p>\n\n\n\n<div class=\"wp-block-buttons is-layout-flex wp-block-buttons-is-layout-flex\">\n<div class=\"wp-block-button\"><a class=\"wp-block-button__link wp-element-button\" href=\"https:\/\/www.carmotive.es\/coches-segunda-mano\/mercedes-benz\/gls-63-amg\/4matic-430-kw-585-cv\">Oferta Mercedes-Benz&nbsp;GLS 63 AMG Segunda mano<\/a><\/div>\n<\/div>\n\n\n\n<h4 class=\"wp-block-heading\">Confort frente a terrenos dif\u00edciles<\/h4>\n\n\n\n<p>El sistema de suspensi\u00f3n est\u00e1 dise\u00f1ado para absorber irregularidades en la carretera, ofreciendo un confort superior en viajes largos o en rutas m\u00e1s complicadas. Esta capacidad permite que los pasajeros disfruten de un viaje placentero independientemente del estado del asfalto o cualquier obst\u00e1culo presente en el camino.<\/p>\n\n\n\n<p>La secci\u00f3n de consumo homologado y eficiencia energ\u00e9tica es crucial para comprender el desempe\u00f1o del veh\u00edculo en t\u00e9rminos de sostenibilidad y econom\u00eda. A continuaci\u00f3n, se presentan los aspectos m\u00e1s relevantes relacionados con este SUV de lujo.<\/p>\n\n\n\n<div class=\"wp-block-jetpack-slideshow aligncenter\" data-effect=\"slide\"><div class=\"wp-block-jetpack-slideshow_container swiper-container\"><ul class=\"wp-block-jetpack-slideshow_swiper-wrapper swiper-wrapper\"><li class=\"wp-block-jetpack-slideshow_slide swiper-slide\"><figure><img loading=\"lazy\" decoding=\"async\" width=\"1024\" height=\"768\" alt=\"Mercedes-Benz GLS 63 AMG\" class=\"wp-block-jetpack-slideshow_image wp-image-1184\" data-id=\"1184\" src=\"https:\/\/www.carmotive.es\/blog\/wp-content\/uploads\/2025\/10\/AnyConv.com__1CSy4AF3VMF9btVf3G8j4S-1024x768.jpeg\" srcset=\"https:\/\/www.carmotive.es\/blog\/wp-content\/uploads\/2025\/10\/AnyConv.com__1CSy4AF3VMF9btVf3G8j4S-1024x768.jpeg 1024w, https:\/\/www.carmotive.es\/blog\/wp-content\/uploads\/2025\/10\/AnyConv.com__1CSy4AF3VMF9btVf3G8j4S-300x225.jpeg 300w, https:\/\/www.carmotive.es\/blog\/wp-content\/uploads\/2025\/10\/AnyConv.com__1CSy4AF3VMF9btVf3G8j4S-768x576.jpeg 768w, https:\/\/www.carmotive.es\/blog\/wp-content\/uploads\/2025\/10\/AnyConv.com__1CSy4AF3VMF9btVf3G8j4S.jpeg 1200w\" sizes=\"auto, (max-width: 1024px) 100vw, 1024px\" \/><figcaption class=\"wp-block-jetpack-slideshow_caption gallery-caption\">Mercedes-Benz GLS 63 AMG<\/figcaption><\/figure><\/li><li class=\"wp-block-jetpack-slideshow_slide swiper-slide\"><figure><img loading=\"lazy\" decoding=\"async\" width=\"1024\" height=\"768\" alt=\"Mercedes-Benz GLS 63 AMG\" class=\"wp-block-jetpack-slideshow_image wp-image-1185\" data-id=\"1185\" src=\"https:\/\/www.carmotive.es\/blog\/wp-content\/uploads\/2025\/10\/AnyConv.com__1CSy4AKu23GYtZmhm3JYGx-1024x768.jpeg\" srcset=\"https:\/\/www.carmotive.es\/blog\/wp-content\/uploads\/2025\/10\/AnyConv.com__1CSy4AKu23GYtZmhm3JYGx-1024x768.jpeg 1024w, https:\/\/www.carmotive.es\/blog\/wp-content\/uploads\/2025\/10\/AnyConv.com__1CSy4AKu23GYtZmhm3JYGx-300x225.jpeg 300w, https:\/\/www.carmotive.es\/blog\/wp-content\/uploads\/2025\/10\/AnyConv.com__1CSy4AKu23GYtZmhm3JYGx-768x576.jpeg 768w, https:\/\/www.carmotive.es\/blog\/wp-content\/uploads\/2025\/10\/AnyConv.com__1CSy4AKu23GYtZmhm3JYGx.jpeg 1200w\" sizes=\"auto, (max-width: 1024px) 100vw, 1024px\" \/><figcaption class=\"wp-block-jetpack-slideshow_caption gallery-caption\">Mercedes-Benz GLS 63 AMG<\/figcaption><\/figure><\/li><li class=\"wp-block-jetpack-slideshow_slide swiper-slide\"><figure><img loading=\"lazy\" decoding=\"async\" width=\"1024\" height=\"768\" alt=\"Mercedes-Benz GLS 63 AMG\" class=\"wp-block-jetpack-slideshow_image wp-image-1186\" data-id=\"1186\" src=\"https:\/\/www.carmotive.es\/blog\/wp-content\/uploads\/2025\/10\/AnyConv.com__1CSy4AKv415AU9duYWKNwj-1024x768.jpeg\" srcset=\"https:\/\/www.carmotive.es\/blog\/wp-content\/uploads\/2025\/10\/AnyConv.com__1CSy4AKv415AU9duYWKNwj-1024x768.jpeg 1024w, https:\/\/www.carmotive.es\/blog\/wp-content\/uploads\/2025\/10\/AnyConv.com__1CSy4AKv415AU9duYWKNwj-300x225.jpeg 300w, https:\/\/www.carmotive.es\/blog\/wp-content\/uploads\/2025\/10\/AnyConv.com__1CSy4AKv415AU9duYWKNwj-768x576.jpeg 768w, https:\/\/www.carmotive.es\/blog\/wp-content\/uploads\/2025\/10\/AnyConv.com__1CSy4AKv415AU9duYWKNwj.jpeg 1200w\" sizes=\"auto, (max-width: 1024px) 100vw, 1024px\" \/><figcaption class=\"wp-block-jetpack-slideshow_caption gallery-caption\">Mercedes-Benz GLS 63 AMG<\/figcaption><\/figure><\/li><li class=\"wp-block-jetpack-slideshow_slide swiper-slide\"><figure><img loading=\"lazy\" decoding=\"async\" width=\"1024\" height=\"768\" alt=\"Mercedes-Benz GLS 63 AMG\" class=\"wp-block-jetpack-slideshow_image wp-image-1189\" data-id=\"1189\" src=\"https:\/\/www.carmotive.es\/blog\/wp-content\/uploads\/2025\/10\/AnyConv.com__1CSy4ALgBzt2DzK1KDa19X-1024x768.jpeg\" srcset=\"https:\/\/www.carmotive.es\/blog\/wp-content\/uploads\/2025\/10\/AnyConv.com__1CSy4ALgBzt2DzK1KDa19X-1024x768.jpeg 1024w, https:\/\/www.carmotive.es\/blog\/wp-content\/uploads\/2025\/10\/AnyConv.com__1CSy4ALgBzt2DzK1KDa19X-300x225.jpeg 300w, https:\/\/www.carmotive.es\/blog\/wp-content\/uploads\/2025\/10\/AnyConv.com__1CSy4ALgBzt2DzK1KDa19X-768x576.jpeg 768w, https:\/\/www.carmotive.es\/blog\/wp-content\/uploads\/2025\/10\/AnyConv.com__1CSy4ALgBzt2DzK1KDa19X.jpeg 1200w\" sizes=\"auto, (max-width: 1024px) 100vw, 1024px\" \/><figcaption class=\"wp-block-jetpack-slideshow_caption gallery-caption\">Mercedes-Benz GLS 63 AMG<\/figcaption><\/figure><\/li><li class=\"wp-block-jetpack-slideshow_slide swiper-slide\"><figure><img loading=\"lazy\" decoding=\"async\" width=\"1024\" height=\"768\" alt=\"Mercedes-Benz GLS 63 AMG\" class=\"wp-block-jetpack-slideshow_image wp-image-1199\" data-id=\"1199\" src=\"https:\/\/www.carmotive.es\/blog\/wp-content\/uploads\/2025\/10\/AnyConv.com__1CSy4BfwWiYne9TwMmnCdX-1024x768.jpeg\" srcset=\"https:\/\/www.carmotive.es\/blog\/wp-content\/uploads\/2025\/10\/AnyConv.com__1CSy4BfwWiYne9TwMmnCdX-1024x768.jpeg 1024w, https:\/\/www.carmotive.es\/blog\/wp-content\/uploads\/2025\/10\/AnyConv.com__1CSy4BfwWiYne9TwMmnCdX-300x225.jpeg 300w, https:\/\/www.carmotive.es\/blog\/wp-content\/uploads\/2025\/10\/AnyConv.com__1CSy4BfwWiYne9TwMmnCdX-768x576.jpeg 768w, https:\/\/www.carmotive.es\/blog\/wp-content\/uploads\/2025\/10\/AnyConv.com__1CSy4BfwWiYne9TwMmnCdX.jpeg 1200w\" sizes=\"auto, (max-width: 1024px) 100vw, 1024px\" \/><figcaption class=\"wp-block-jetpack-slideshow_caption gallery-caption\">Mercedes-Benz GLS 63 AMG<\/figcaption><\/figure><\/li><li class=\"wp-block-jetpack-slideshow_slide swiper-slide\"><figure><img loading=\"lazy\" decoding=\"async\" width=\"1024\" height=\"768\" alt=\"Mercedes-Benz GLS 63 AMG\" class=\"wp-block-jetpack-slideshow_image wp-image-1196\" data-id=\"1196\" src=\"https:\/\/www.carmotive.es\/blog\/wp-content\/uploads\/2025\/10\/AnyConv.com__1CSy4Be3JwMX2WzKmaYHc7-1024x768.jpeg\" srcset=\"https:\/\/www.carmotive.es\/blog\/wp-content\/uploads\/2025\/10\/AnyConv.com__1CSy4Be3JwMX2WzKmaYHc7-1024x768.jpeg 1024w, https:\/\/www.carmotive.es\/blog\/wp-content\/uploads\/2025\/10\/AnyConv.com__1CSy4Be3JwMX2WzKmaYHc7-300x225.jpeg 300w, https:\/\/www.carmotive.es\/blog\/wp-content\/uploads\/2025\/10\/AnyConv.com__1CSy4Be3JwMX2WzKmaYHc7-768x576.jpeg 768w, https:\/\/www.carmotive.es\/blog\/wp-content\/uploads\/2025\/10\/AnyConv.com__1CSy4Be3JwMX2WzKmaYHc7.jpeg 1200w\" sizes=\"auto, (max-width: 1024px) 100vw, 1024px\" \/><figcaption class=\"wp-block-jetpack-slideshow_caption gallery-caption\">Mercedes-Benz GLS 63 AMG<\/figcaption><\/figure><\/li><li class=\"wp-block-jetpack-slideshow_slide swiper-slide\"><figure><img loading=\"lazy\" decoding=\"async\" width=\"1024\" height=\"768\" alt=\"Mercedes-Benz GLS 63 AMG\" class=\"wp-block-jetpack-slideshow_image wp-image-1205\" data-id=\"1205\" src=\"https:\/\/www.carmotive.es\/blog\/wp-content\/uploads\/2025\/10\/AnyConv.com__1CSy4Bec61yLaHejkVbqrx-1024x768.jpeg\" srcset=\"https:\/\/www.carmotive.es\/blog\/wp-content\/uploads\/2025\/10\/AnyConv.com__1CSy4Bec61yLaHejkVbqrx-1024x768.jpeg 1024w, https:\/\/www.carmotive.es\/blog\/wp-content\/uploads\/2025\/10\/AnyConv.com__1CSy4Bec61yLaHejkVbqrx-300x225.jpeg 300w, https:\/\/www.carmotive.es\/blog\/wp-content\/uploads\/2025\/10\/AnyConv.com__1CSy4Bec61yLaHejkVbqrx-768x576.jpeg 768w, https:\/\/www.carmotive.es\/blog\/wp-content\/uploads\/2025\/10\/AnyConv.com__1CSy4Bec61yLaHejkVbqrx.jpeg 1200w\" sizes=\"auto, (max-width: 1024px) 100vw, 1024px\" \/><figcaption class=\"wp-block-jetpack-slideshow_caption gallery-caption\">Mercedes-Benz GLS 63 AMG<\/figcaption><\/figure><\/li><li class=\"wp-block-jetpack-slideshow_slide swiper-slide\"><figure><img loading=\"lazy\" decoding=\"async\" width=\"1024\" height=\"768\" alt=\"Mercedes-Benz GLS 63 AMG\" class=\"wp-block-jetpack-slideshow_image wp-image-1204\" data-id=\"1204\" src=\"https:\/\/www.carmotive.es\/blog\/wp-content\/uploads\/2025\/10\/AnyConv.com__1CSy4BfAkrXn5EfAWsDSq5-1024x768.jpeg\" srcset=\"https:\/\/www.carmotive.es\/blog\/wp-content\/uploads\/2025\/10\/AnyConv.com__1CSy4BfAkrXn5EfAWsDSq5-1024x768.jpeg 1024w, https:\/\/www.carmotive.es\/blog\/wp-content\/uploads\/2025\/10\/AnyConv.com__1CSy4BfAkrXn5EfAWsDSq5-300x225.jpeg 300w, https:\/\/www.carmotive.es\/blog\/wp-content\/uploads\/2025\/10\/AnyConv.com__1CSy4BfAkrXn5EfAWsDSq5-768x576.jpeg 768w, https:\/\/www.carmotive.es\/blog\/wp-content\/uploads\/2025\/10\/AnyConv.com__1CSy4BfAkrXn5EfAWsDSq5.jpeg 1200w\" sizes=\"auto, (max-width: 1024px) 100vw, 1024px\" \/><figcaption class=\"wp-block-jetpack-slideshow_caption gallery-caption\">Mercedes-Benz GLS 63 AMG<\/figcaption><\/figure><\/li><li class=\"wp-block-jetpack-slideshow_slide swiper-slide\"><figure><img loading=\"lazy\" decoding=\"async\" width=\"1024\" height=\"768\" alt=\"Mercedes-Benz GLS 63 AMG\" class=\"wp-block-jetpack-slideshow_image wp-image-1200\" data-id=\"1200\" src=\"https:\/\/www.carmotive.es\/blog\/wp-content\/uploads\/2025\/10\/AnyConv.com__1CSy4BmuB75EbueeJzeoJP-1024x768.jpeg\" srcset=\"https:\/\/www.carmotive.es\/blog\/wp-content\/uploads\/2025\/10\/AnyConv.com__1CSy4BmuB75EbueeJzeoJP-1024x768.jpeg 1024w, https:\/\/www.carmotive.es\/blog\/wp-content\/uploads\/2025\/10\/AnyConv.com__1CSy4BmuB75EbueeJzeoJP-300x225.jpeg 300w, https:\/\/www.carmotive.es\/blog\/wp-content\/uploads\/2025\/10\/AnyConv.com__1CSy4BmuB75EbueeJzeoJP-768x576.jpeg 768w, https:\/\/www.carmotive.es\/blog\/wp-content\/uploads\/2025\/10\/AnyConv.com__1CSy4BmuB75EbueeJzeoJP.jpeg 1200w\" sizes=\"auto, (max-width: 1024px) 100vw, 1024px\" \/><figcaption class=\"wp-block-jetpack-slideshow_caption gallery-caption\">Mercedes-Benz GLS 63 AMG<\/figcaption><\/figure><\/li><li class=\"wp-block-jetpack-slideshow_slide swiper-slide\"><figure><img loading=\"lazy\" decoding=\"async\" width=\"1024\" height=\"768\" alt=\"Mercedes-Benz GLS 63 AMG\" class=\"wp-block-jetpack-slideshow_image wp-image-1203\" data-id=\"1203\" src=\"https:\/\/www.carmotive.es\/blog\/wp-content\/uploads\/2025\/10\/AnyConv.com__1CSy4C6Cht1wXMtB5TEqeE-1024x768.jpeg\" srcset=\"https:\/\/www.carmotive.es\/blog\/wp-content\/uploads\/2025\/10\/AnyConv.com__1CSy4C6Cht1wXMtB5TEqeE-1024x768.jpeg 1024w, https:\/\/www.carmotive.es\/blog\/wp-content\/uploads\/2025\/10\/AnyConv.com__1CSy4C6Cht1wXMtB5TEqeE-300x225.jpeg 300w, https:\/\/www.carmotive.es\/blog\/wp-content\/uploads\/2025\/10\/AnyConv.com__1CSy4C6Cht1wXMtB5TEqeE-768x576.jpeg 768w, https:\/\/www.carmotive.es\/blog\/wp-content\/uploads\/2025\/10\/AnyConv.com__1CSy4C6Cht1wXMtB5TEqeE.jpeg 1200w\" sizes=\"auto, (max-width: 1024px) 100vw, 1024px\" \/><figcaption class=\"wp-block-jetpack-slideshow_caption gallery-caption\">Mercedes-Benz GLS 63 AMG<\/figcaption><\/figure><\/li><li class=\"wp-block-jetpack-slideshow_slide swiper-slide\"><figure><img loading=\"lazy\" decoding=\"async\" width=\"1024\" height=\"768\" alt=\"Mercedes-Benz GLS 63 AMG\" class=\"wp-block-jetpack-slideshow_image wp-image-1190\" data-id=\"1190\" src=\"https:\/\/www.carmotive.es\/blog\/wp-content\/uploads\/2025\/10\/AnyConv.com__1CSy4CGZZXBm7pN6X8D9nu-1024x768.jpeg\" srcset=\"https:\/\/www.carmotive.es\/blog\/wp-content\/uploads\/2025\/10\/AnyConv.com__1CSy4CGZZXBm7pN6X8D9nu-1024x768.jpeg 1024w, https:\/\/www.carmotive.es\/blog\/wp-content\/uploads\/2025\/10\/AnyConv.com__1CSy4CGZZXBm7pN6X8D9nu-300x225.jpeg 300w, https:\/\/www.carmotive.es\/blog\/wp-content\/uploads\/2025\/10\/AnyConv.com__1CSy4CGZZXBm7pN6X8D9nu-768x576.jpeg 768w, https:\/\/www.carmotive.es\/blog\/wp-content\/uploads\/2025\/10\/AnyConv.com__1CSy4CGZZXBm7pN6X8D9nu.jpeg 1200w\" sizes=\"auto, (max-width: 1024px) 100vw, 1024px\" \/><figcaption class=\"wp-block-jetpack-slideshow_caption gallery-caption\">Mercedes-Benz GLS 63 AMG<\/figcaption><\/figure><\/li><li class=\"wp-block-jetpack-slideshow_slide swiper-slide\"><figure><img loading=\"lazy\" decoding=\"async\" width=\"1024\" height=\"768\" alt=\"Mercedes-Benz GLS 63 AMG\" class=\"wp-block-jetpack-slideshow_image wp-image-1193\" data-id=\"1193\" src=\"https:\/\/www.carmotive.es\/blog\/wp-content\/uploads\/2025\/10\/AnyConv.com__1CSy4CFdM1Lu1rMZJMVLiT-1024x768.jpeg\" srcset=\"https:\/\/www.carmotive.es\/blog\/wp-content\/uploads\/2025\/10\/AnyConv.com__1CSy4CFdM1Lu1rMZJMVLiT-1024x768.jpeg 1024w, https:\/\/www.carmotive.es\/blog\/wp-content\/uploads\/2025\/10\/AnyConv.com__1CSy4CFdM1Lu1rMZJMVLiT-300x225.jpeg 300w, https:\/\/www.carmotive.es\/blog\/wp-content\/uploads\/2025\/10\/AnyConv.com__1CSy4CFdM1Lu1rMZJMVLiT-768x576.jpeg 768w, https:\/\/www.carmotive.es\/blog\/wp-content\/uploads\/2025\/10\/AnyConv.com__1CSy4CFdM1Lu1rMZJMVLiT.jpeg 1200w\" sizes=\"auto, (max-width: 1024px) 100vw, 1024px\" \/><figcaption class=\"wp-block-jetpack-slideshow_caption gallery-caption\">Mercedes-Benz GLS 63 AMG<\/figcaption><\/figure><\/li><li class=\"wp-block-jetpack-slideshow_slide swiper-slide\"><figure><img loading=\"lazy\" decoding=\"async\" width=\"1024\" height=\"768\" alt=\"Mercedes-Benz GLS 63 AMG\" class=\"wp-block-jetpack-slideshow_image wp-image-1194\" data-id=\"1194\" src=\"https:\/\/www.carmotive.es\/blog\/wp-content\/uploads\/2025\/10\/AnyConv.com__1CSy4C7ZiGMnESe67EVf97-1024x768.jpeg\" srcset=\"https:\/\/www.carmotive.es\/blog\/wp-content\/uploads\/2025\/10\/AnyConv.com__1CSy4C7ZiGMnESe67EVf97-1024x768.jpeg 1024w, https:\/\/www.carmotive.es\/blog\/wp-content\/uploads\/2025\/10\/AnyConv.com__1CSy4C7ZiGMnESe67EVf97-300x225.jpeg 300w, https:\/\/www.carmotive.es\/blog\/wp-content\/uploads\/2025\/10\/AnyConv.com__1CSy4C7ZiGMnESe67EVf97-768x576.jpeg 768w, https:\/\/www.carmotive.es\/blog\/wp-content\/uploads\/2025\/10\/AnyConv.com__1CSy4C7ZiGMnESe67EVf97.jpeg 1200w\" sizes=\"auto, (max-width: 1024px) 100vw, 1024px\" \/><figcaption class=\"wp-block-jetpack-slideshow_caption gallery-caption\">Mercedes-Benz GLS 63 AMG<\/figcaption><\/figure><\/li><li class=\"wp-block-jetpack-slideshow_slide swiper-slide\"><figure><img loading=\"lazy\" decoding=\"async\" width=\"1024\" height=\"768\" alt=\"Mercedes-Benz GLS 63 AMG\" class=\"wp-block-jetpack-slideshow_image wp-image-1187\" data-id=\"1187\" src=\"https:\/\/www.carmotive.es\/blog\/wp-content\/uploads\/2025\/10\/AnyConv.com__1CSy4C7UBZ2gDvbgPkHRL9-1024x768.jpeg\" srcset=\"https:\/\/www.carmotive.es\/blog\/wp-content\/uploads\/2025\/10\/AnyConv.com__1CSy4C7UBZ2gDvbgPkHRL9-1024x768.jpeg 1024w, https:\/\/www.carmotive.es\/blog\/wp-content\/uploads\/2025\/10\/AnyConv.com__1CSy4C7UBZ2gDvbgPkHRL9-300x225.jpeg 300w, https:\/\/www.carmotive.es\/blog\/wp-content\/uploads\/2025\/10\/AnyConv.com__1CSy4C7UBZ2gDvbgPkHRL9-768x576.jpeg 768w, https:\/\/www.carmotive.es\/blog\/wp-content\/uploads\/2025\/10\/AnyConv.com__1CSy4C7UBZ2gDvbgPkHRL9.jpeg 1200w\" sizes=\"auto, (max-width: 1024px) 100vw, 1024px\" \/><figcaption class=\"wp-block-jetpack-slideshow_caption gallery-caption\">Mercedes-Benz GLS 63 AMG<\/figcaption><\/figure><\/li><li class=\"wp-block-jetpack-slideshow_slide swiper-slide\"><figure><img loading=\"lazy\" decoding=\"async\" width=\"1024\" height=\"768\" alt=\"Mercedes-Benz GLS 63 AMG\" class=\"wp-block-jetpack-slideshow_image wp-image-1210\" data-id=\"1210\" src=\"https:\/\/www.carmotive.es\/blog\/wp-content\/uploads\/2025\/10\/AnyConv.com__1CSy4C9DEbZhzZSDSrgpM3-1-1024x768.jpeg\" srcset=\"https:\/\/www.carmotive.es\/blog\/wp-content\/uploads\/2025\/10\/AnyConv.com__1CSy4C9DEbZhzZSDSrgpM3-1-1024x768.jpeg 1024w, https:\/\/www.carmotive.es\/blog\/wp-content\/uploads\/2025\/10\/AnyConv.com__1CSy4C9DEbZhzZSDSrgpM3-1-300x225.jpeg 300w, https:\/\/www.carmotive.es\/blog\/wp-content\/uploads\/2025\/10\/AnyConv.com__1CSy4C9DEbZhzZSDSrgpM3-1-768x576.jpeg 768w, https:\/\/www.carmotive.es\/blog\/wp-content\/uploads\/2025\/10\/AnyConv.com__1CSy4C9DEbZhzZSDSrgpM3-1.jpeg 1200w\" sizes=\"auto, (max-width: 1024px) 100vw, 1024px\" \/><figcaption class=\"wp-block-jetpack-slideshow_caption gallery-caption\">Mercedes-Benz GLS 63 AMG<\/figcaption><\/figure><\/li><li class=\"wp-block-jetpack-slideshow_slide swiper-slide\"><figure><img loading=\"lazy\" decoding=\"async\" width=\"1024\" height=\"768\" alt=\"Mercedes-Benz GLS 63 AMG\" class=\"wp-block-jetpack-slideshow_image wp-image-1192\" data-id=\"1192\" src=\"https:\/\/www.carmotive.es\/blog\/wp-content\/uploads\/2025\/10\/AnyConv.com__1CSy4C7myhCkGEc8gTVXwN-1024x768.jpeg\" srcset=\"https:\/\/www.carmotive.es\/blog\/wp-content\/uploads\/2025\/10\/AnyConv.com__1CSy4C7myhCkGEc8gTVXwN-1024x768.jpeg 1024w, https:\/\/www.carmotive.es\/blog\/wp-content\/uploads\/2025\/10\/AnyConv.com__1CSy4C7myhCkGEc8gTVXwN-300x225.jpeg 300w, https:\/\/www.carmotive.es\/blog\/wp-content\/uploads\/2025\/10\/AnyConv.com__1CSy4C7myhCkGEc8gTVXwN-768x576.jpeg 768w, https:\/\/www.carmotive.es\/blog\/wp-content\/uploads\/2025\/10\/AnyConv.com__1CSy4C7myhCkGEc8gTVXwN.jpeg 1200w\" sizes=\"auto, (max-width: 1024px) 100vw, 1024px\" \/><figcaption class=\"wp-block-jetpack-slideshow_caption gallery-caption\">Mercedes-Benz GLS 63 AMG<\/figcaption><\/figure><\/li><li class=\"wp-block-jetpack-slideshow_slide swiper-slide\"><figure><img loading=\"lazy\" decoding=\"async\" width=\"1024\" height=\"768\" alt=\"Mercedes-Benz GLS 63 AMG\" class=\"wp-block-jetpack-slideshow_image wp-image-1188\" data-id=\"1188\" src=\"https:\/\/www.carmotive.es\/blog\/wp-content\/uploads\/2025\/10\/AnyConv.com__1CSy4BnMjCodgPjU6t74w4-1024x768.jpeg\" srcset=\"https:\/\/www.carmotive.es\/blog\/wp-content\/uploads\/2025\/10\/AnyConv.com__1CSy4BnMjCodgPjU6t74w4-1024x768.jpeg 1024w, https:\/\/www.carmotive.es\/blog\/wp-content\/uploads\/2025\/10\/AnyConv.com__1CSy4BnMjCodgPjU6t74w4-300x225.jpeg 300w, https:\/\/www.carmotive.es\/blog\/wp-content\/uploads\/2025\/10\/AnyConv.com__1CSy4BnMjCodgPjU6t74w4-768x576.jpeg 768w, https:\/\/www.carmotive.es\/blog\/wp-content\/uploads\/2025\/10\/AnyConv.com__1CSy4BnMjCodgPjU6t74w4.jpeg 1200w\" sizes=\"auto, (max-width: 1024px) 100vw, 1024px\" \/><figcaption class=\"wp-block-jetpack-slideshow_caption gallery-caption\">Mercedes-Benz GLS 63 AMG<\/figcaption><\/figure><\/li><li class=\"wp-block-jetpack-slideshow_slide swiper-slide\"><figure><img loading=\"lazy\" decoding=\"async\" width=\"1024\" height=\"768\" alt=\"Mercedes-Benz GLS 63 AMG\" class=\"wp-block-jetpack-slideshow_image wp-image-1208\" data-id=\"1208\" src=\"https:\/\/www.carmotive.es\/blog\/wp-content\/uploads\/2025\/10\/AnyConv.com__1CSy4CFcecuoD3vdmuiSLb-1024x768.jpeg\" srcset=\"https:\/\/www.carmotive.es\/blog\/wp-content\/uploads\/2025\/10\/AnyConv.com__1CSy4CFcecuoD3vdmuiSLb-1024x768.jpeg 1024w, https:\/\/www.carmotive.es\/blog\/wp-content\/uploads\/2025\/10\/AnyConv.com__1CSy4CFcecuoD3vdmuiSLb-300x225.jpeg 300w, https:\/\/www.carmotive.es\/blog\/wp-content\/uploads\/2025\/10\/AnyConv.com__1CSy4CFcecuoD3vdmuiSLb-768x576.jpeg 768w, https:\/\/www.carmotive.es\/blog\/wp-content\/uploads\/2025\/10\/AnyConv.com__1CSy4CFcecuoD3vdmuiSLb.jpeg 1200w\" sizes=\"auto, (max-width: 1024px) 100vw, 1024px\" \/><figcaption class=\"wp-block-jetpack-slideshow_caption gallery-caption\">Mercedes-Benz GLS 63 AMG<\/figcaption><\/figure><\/li><li class=\"wp-block-jetpack-slideshow_slide swiper-slide\"><figure><img loading=\"lazy\" decoding=\"async\" width=\"1024\" height=\"768\" alt=\"Mercedes-Benz GLS 63 AMG\" class=\"wp-block-jetpack-slideshow_image wp-image-1191\" data-id=\"1191\" src=\"https:\/\/www.carmotive.es\/blog\/wp-content\/uploads\/2025\/10\/AnyConv.com__1CSy4CGo6a1ToS6tYjcSyE-1024x768.jpeg\" srcset=\"https:\/\/www.carmotive.es\/blog\/wp-content\/uploads\/2025\/10\/AnyConv.com__1CSy4CGo6a1ToS6tYjcSyE-1024x768.jpeg 1024w, https:\/\/www.carmotive.es\/blog\/wp-content\/uploads\/2025\/10\/AnyConv.com__1CSy4CGo6a1ToS6tYjcSyE-300x225.jpeg 300w, https:\/\/www.carmotive.es\/blog\/wp-content\/uploads\/2025\/10\/AnyConv.com__1CSy4CGo6a1ToS6tYjcSyE-768x576.jpeg 768w, https:\/\/www.carmotive.es\/blog\/wp-content\/uploads\/2025\/10\/AnyConv.com__1CSy4CGo6a1ToS6tYjcSyE.jpeg 1200w\" sizes=\"auto, (max-width: 1024px) 100vw, 1024px\" \/><figcaption class=\"wp-block-jetpack-slideshow_caption gallery-caption\">Mercedes-Benz GLS 63 AMG<\/figcaption><\/figure><\/li><li class=\"wp-block-jetpack-slideshow_slide swiper-slide\"><figure><img loading=\"lazy\" decoding=\"async\" width=\"1024\" height=\"768\" alt=\"Mercedes-Benz GLS 63 AMG\" class=\"wp-block-jetpack-slideshow_image wp-image-1201\" data-id=\"1201\" src=\"https:\/\/www.carmotive.es\/blog\/wp-content\/uploads\/2025\/10\/AnyConv.com__1CSy4CGoXTck35aa3meDMN-1024x768.jpeg\" srcset=\"https:\/\/www.carmotive.es\/blog\/wp-content\/uploads\/2025\/10\/AnyConv.com__1CSy4CGoXTck35aa3meDMN-1024x768.jpeg 1024w, https:\/\/www.carmotive.es\/blog\/wp-content\/uploads\/2025\/10\/AnyConv.com__1CSy4CGoXTck35aa3meDMN-300x225.jpeg 300w, https:\/\/www.carmotive.es\/blog\/wp-content\/uploads\/2025\/10\/AnyConv.com__1CSy4CGoXTck35aa3meDMN-768x576.jpeg 768w, https:\/\/www.carmotive.es\/blog\/wp-content\/uploads\/2025\/10\/AnyConv.com__1CSy4CGoXTck35aa3meDMN.jpeg 1200w\" sizes=\"auto, (max-width: 1024px) 100vw, 1024px\" \/><figcaption class=\"wp-block-jetpack-slideshow_caption gallery-caption\">Mercedes-Benz GLS 63 AMG<\/figcaption><\/figure><\/li><li class=\"wp-block-jetpack-slideshow_slide swiper-slide\"><figure><img loading=\"lazy\" decoding=\"async\" width=\"1024\" height=\"768\" alt=\"Mercedes-Benz GLS 63 AMG\" class=\"wp-block-jetpack-slideshow_image wp-image-1202\" data-id=\"1202\" src=\"https:\/\/www.carmotive.es\/blog\/wp-content\/uploads\/2025\/10\/AnyConv.com__1CSy4CQtyHWHZukP6GqSNC-1024x768.jpeg\" srcset=\"https:\/\/www.carmotive.es\/blog\/wp-content\/uploads\/2025\/10\/AnyConv.com__1CSy4CQtyHWHZukP6GqSNC-1024x768.jpeg 1024w, https:\/\/www.carmotive.es\/blog\/wp-content\/uploads\/2025\/10\/AnyConv.com__1CSy4CQtyHWHZukP6GqSNC-300x225.jpeg 300w, https:\/\/www.carmotive.es\/blog\/wp-content\/uploads\/2025\/10\/AnyConv.com__1CSy4CQtyHWHZukP6GqSNC-768x576.jpeg 768w, https:\/\/www.carmotive.es\/blog\/wp-content\/uploads\/2025\/10\/AnyConv.com__1CSy4CQtyHWHZukP6GqSNC.jpeg 1200w\" sizes=\"auto, (max-width: 1024px) 100vw, 1024px\" \/><figcaption class=\"wp-block-jetpack-slideshow_caption gallery-caption\">Mercedes-Benz GLS 63 AMG<\/figcaption><\/figure><\/li><li class=\"wp-block-jetpack-slideshow_slide swiper-slide\"><figure><img loading=\"lazy\" decoding=\"async\" width=\"1024\" height=\"768\" alt=\"Mercedes-Benz GLS 63 AMG\" class=\"wp-block-jetpack-slideshow_image wp-image-1197\" data-id=\"1197\" src=\"https:\/\/www.carmotive.es\/blog\/wp-content\/uploads\/2025\/10\/AnyConv.com__1CSy4CRH5QGRDWE4Uwi9cr-1024x768.jpeg\" srcset=\"https:\/\/www.carmotive.es\/blog\/wp-content\/uploads\/2025\/10\/AnyConv.com__1CSy4CRH5QGRDWE4Uwi9cr-1024x768.jpeg 1024w, https:\/\/www.carmotive.es\/blog\/wp-content\/uploads\/2025\/10\/AnyConv.com__1CSy4CRH5QGRDWE4Uwi9cr-300x225.jpeg 300w, https:\/\/www.carmotive.es\/blog\/wp-content\/uploads\/2025\/10\/AnyConv.com__1CSy4CRH5QGRDWE4Uwi9cr-768x576.jpeg 768w, https:\/\/www.carmotive.es\/blog\/wp-content\/uploads\/2025\/10\/AnyConv.com__1CSy4CRH5QGRDWE4Uwi9cr.jpeg 1200w\" sizes=\"auto, (max-width: 1024px) 100vw, 1024px\" \/><figcaption class=\"wp-block-jetpack-slideshow_caption gallery-caption\">Mercedes-Benz GLS 63 AMG<\/figcaption><\/figure><\/li><li class=\"wp-block-jetpack-slideshow_slide swiper-slide\"><figure><img loading=\"lazy\" decoding=\"async\" width=\"1024\" height=\"768\" alt=\"Mercedes-Benz GLS 63 AMG\" class=\"wp-block-jetpack-slideshow_image wp-image-1195\" data-id=\"1195\" src=\"https:\/\/www.carmotive.es\/blog\/wp-content\/uploads\/2025\/10\/AnyConv.com__1CSy4Byjq8u7VKbqGSVhCG-1024x768.jpeg\" srcset=\"https:\/\/www.carmotive.es\/blog\/wp-content\/uploads\/2025\/10\/AnyConv.com__1CSy4Byjq8u7VKbqGSVhCG-1024x768.jpeg 1024w, https:\/\/www.carmotive.es\/blog\/wp-content\/uploads\/2025\/10\/AnyConv.com__1CSy4Byjq8u7VKbqGSVhCG-300x225.jpeg 300w, https:\/\/www.carmotive.es\/blog\/wp-content\/uploads\/2025\/10\/AnyConv.com__1CSy4Byjq8u7VKbqGSVhCG-768x576.jpeg 768w, https:\/\/www.carmotive.es\/blog\/wp-content\/uploads\/2025\/10\/AnyConv.com__1CSy4Byjq8u7VKbqGSVhCG.jpeg 1200w\" sizes=\"auto, (max-width: 1024px) 100vw, 1024px\" \/><figcaption class=\"wp-block-jetpack-slideshow_caption gallery-caption\">Mercedes-Benz GLS 63 AMG<\/figcaption><\/figure><\/li><li class=\"wp-block-jetpack-slideshow_slide swiper-slide\"><figure><img loading=\"lazy\" decoding=\"async\" width=\"1024\" height=\"768\" alt=\"Mercedes-Benz GLS 63 AMG\" class=\"wp-block-jetpack-slideshow_image wp-image-1209\" data-id=\"1209\" src=\"https:\/\/www.carmotive.es\/blog\/wp-content\/uploads\/2025\/10\/AnyConv.com__1CSy4CRohUswZYr6MD6QMj-1024x768.jpeg\" srcset=\"https:\/\/www.carmotive.es\/blog\/wp-content\/uploads\/2025\/10\/AnyConv.com__1CSy4CRohUswZYr6MD6QMj-1024x768.jpeg 1024w, https:\/\/www.carmotive.es\/blog\/wp-content\/uploads\/2025\/10\/AnyConv.com__1CSy4CRohUswZYr6MD6QMj-300x225.jpeg 300w, https:\/\/www.carmotive.es\/blog\/wp-content\/uploads\/2025\/10\/AnyConv.com__1CSy4CRohUswZYr6MD6QMj-768x576.jpeg 768w, https:\/\/www.carmotive.es\/blog\/wp-content\/uploads\/2025\/10\/AnyConv.com__1CSy4CRohUswZYr6MD6QMj.jpeg 1200w\" sizes=\"auto, (max-width: 1024px) 100vw, 1024px\" \/><figcaption class=\"wp-block-jetpack-slideshow_caption gallery-caption\">Mercedes-Benz GLS 63 AMG<\/figcaption><\/figure><\/li><li class=\"wp-block-jetpack-slideshow_slide swiper-slide\"><figure><img loading=\"lazy\" decoding=\"async\" width=\"1024\" height=\"768\" alt=\"Mercedes-Benz GLS 63 AMG\" class=\"wp-block-jetpack-slideshow_image wp-image-1207\" data-id=\"1207\" src=\"https:\/\/www.carmotive.es\/blog\/wp-content\/uploads\/2025\/10\/AnyConv.com__1CSy4BxHB7ARm4nwbxrmQL-1024x768.jpeg\" srcset=\"https:\/\/www.carmotive.es\/blog\/wp-content\/uploads\/2025\/10\/AnyConv.com__1CSy4BxHB7ARm4nwbxrmQL-1024x768.jpeg 1024w, https:\/\/www.carmotive.es\/blog\/wp-content\/uploads\/2025\/10\/AnyConv.com__1CSy4BxHB7ARm4nwbxrmQL-300x225.jpeg 300w, https:\/\/www.carmotive.es\/blog\/wp-content\/uploads\/2025\/10\/AnyConv.com__1CSy4BxHB7ARm4nwbxrmQL-768x576.jpeg 768w, https:\/\/www.carmotive.es\/blog\/wp-content\/uploads\/2025\/10\/AnyConv.com__1CSy4BxHB7ARm4nwbxrmQL.jpeg 1200w\" sizes=\"auto, (max-width: 1024px) 100vw, 1024px\" \/><figcaption class=\"wp-block-jetpack-slideshow_caption gallery-caption\">Mercedes-Benz GLS 63 AMG<\/figcaption><\/figure><\/li><li class=\"wp-block-jetpack-slideshow_slide swiper-slide\"><figure><img loading=\"lazy\" decoding=\"async\" width=\"1024\" height=\"768\" alt=\"Mercedes-Benz GLS 63 AMG\" class=\"wp-block-jetpack-slideshow_image wp-image-1206\" data-id=\"1206\" src=\"https:\/\/www.carmotive.es\/blog\/wp-content\/uploads\/2025\/10\/AnyConv.com__1CSy4Ca942dr12R86cWSkT-1024x768.jpeg\" srcset=\"https:\/\/www.carmotive.es\/blog\/wp-content\/uploads\/2025\/10\/AnyConv.com__1CSy4Ca942dr12R86cWSkT-1024x768.jpeg 1024w, https:\/\/www.carmotive.es\/blog\/wp-content\/uploads\/2025\/10\/AnyConv.com__1CSy4Ca942dr12R86cWSkT-300x225.jpeg 300w, https:\/\/www.carmotive.es\/blog\/wp-content\/uploads\/2025\/10\/AnyConv.com__1CSy4Ca942dr12R86cWSkT-768x576.jpeg 768w, https:\/\/www.carmotive.es\/blog\/wp-content\/uploads\/2025\/10\/AnyConv.com__1CSy4Ca942dr12R86cWSkT.jpeg 1200w\" sizes=\"auto, (max-width: 1024px) 100vw, 1024px\" \/><figcaption class=\"wp-block-jetpack-slideshow_caption gallery-caption\">Mercedes-Benz GLS 63 AMG<\/figcaption><\/figure><\/li><\/ul><a class=\"wp-block-jetpack-slideshow_button-prev swiper-button-prev swiper-button-white\" role=\"button\"><\/a><a class=\"wp-block-jetpack-slideshow_button-next swiper-button-next swiper-button-white\" role=\"button\"><\/a><a aria-label=\"Pause Slideshow\" class=\"wp-block-jetpack-slideshow_button-pause\" role=\"button\"><\/a><div class=\"wp-block-jetpack-slideshow_pagination swiper-pagination swiper-pagination-white\"><\/div><\/div><\/div>\n\n\n\n<div class=\"wp-block-buttons is-layout-flex wp-block-buttons-is-layout-flex\">\n<div class=\"wp-block-button\"><a class=\"wp-block-button__link wp-element-button\" href=\"https:\/\/www.carmotive.es\/coches-segunda-mano\/mercedes-benz\/gls-63-amg\/4matic-430-kw-585-cv\">Oferta Mercedes-Benz&nbsp;GLS 63 AMG Segunda mano<\/a><\/div>\n<\/div>\n\n\n\n<h2 class=\"wp-block-heading\">Consumo homologado y eficiencia energ\u00e9tica<\/h2>\n\n\n\n<h3 class=\"wp-block-heading\">Datos de consumo WLTP y escenarios de uso<\/h3>\n\n\n\n<p>El consumo de combustible del <strong>Mercedes-Benz GLS 63 AMG 4MATIC<\/strong>, seg\u00fan el ciclo WLTP (Worldwide Harmonized Light Vehicles Test Procedure), es un par\u00e1metro importante para evaluar su eficiencia. Este modelo presenta un consumo combinado de aproximadamente 12.4 litros cada 100 km. Tal cifra refleja un rendimiento que, aunque considerado alto en comparaci\u00f3n con veh\u00edculos m\u00e1s peque\u00f1os, es competitivo dentro de su segmento de SUV de lujo. El consumo puede variar significativamente dependiendo del escenario de uso, ya sea en carretera, en entornos urbanos, o en condiciones mixtas.<\/p>\n\n\n\n<h3 class=\"wp-block-heading\">Factores que afectan el consumo<\/h3>\n\n\n\n<p>Diversos factores repercuten en el consumo de combustible, y es esencial tenerlos en cuenta para maximizar la eficiencia del veh\u00edculo.<\/p>\n\n\n\n<h4 class=\"wp-block-heading\">Influencia de la climatolog\u00eda media y temperatura exterior<\/h4>\n\n\n\n<p>Las condiciones climatol\u00f3gicas tienen un impacto significativo en el consumo de combustible. Durante \u00e9pocas de fr\u00edo, los sistemas de calefacci\u00f3n son utilizados intensamente, aumentando el consumo. Por otra parte, en climas calurosos, el aire acondicionado tambi\u00e9n exige energ\u00eda, lo que puede llevar a un aumento en la cifra de consumo medio.<\/p>\n\n\n\n<h4 class=\"wp-block-heading\">Impacto del n\u00famero de ocupantes y carga<\/h4>\n\n\n\n<p>La cantidad de ocupantes y la carga total del veh\u00edculo son factores que determinan la eficiencia. Cuantas m\u00e1s personas haya en el coche, mayor ser\u00e1 el peso, lo que puede resultar en un mayor consumo de combustible. Es recomendable distribuir la carga de forma equilibrada para optimizar la din\u00e1mica y mejorar la eficiencia.<\/p>\n\n\n\n<div class=\"wp-block-buttons is-layout-flex wp-block-buttons-is-layout-flex\">\n<div class=\"wp-block-button\"><a class=\"wp-block-button__link wp-element-button\" href=\"https:\/\/www.carmotive.es\/coches-segunda-mano\/mercedes-benz\/gls-63-amg\/4matic-430-kw-585-cv\">Oferta Mercedes-Benz&nbsp;GLS 63 AMG Segunda mano<\/a><\/div>\n<\/div>\n\n\n\n<h4 class=\"wp-block-heading\">Aire acondicionado y h\u00e1bitos de conducci\u00f3n<\/h4>\n\n\n\n<p>El uso del aire acondicionado, aunque esencial para el confort, puede incrementar notablemente el consumo. Por ello, es aconsejable utilizarlo moderadamente. Asimismo, los h\u00e1bitos de conducci\u00f3n juegan un papel vital en el rendimiento del combustible; una conducci\u00f3n suave y evitar aceleraciones bruscas pueden contribuir a una reducci\u00f3n en el consumo.<\/p>\n\n\n\n<h4 class=\"wp-block-heading\">Efecto del viento y orograf\u00eda exterior<\/h4>\n\n\n\n<p>Las condiciones exteriores, como la resistencia del viento y la orograf\u00eda del terreno, afectan directamente a la eficiencia. En carreteras con vientos fuertes o en subidas prolongadas, el motor debe trabajar m\u00e1s, resultando en un mayor consumo. Conocer el recorrido y las condiciones de la ruta puede ayudar a planificar un viaje m\u00e1s eficiente.<\/p>\n\n\n\n<h3 class=\"wp-block-heading\">Consumo real en ciudad y en carretera<\/h3>\n\n\n\n<p>Las diferencias en el consumo real pueden ser notables entre conducci\u00f3n urbana y en carretera. En entornos urbanos, donde se producen muchas paradas y arranques, el consumo puede acercarse a cifras elevadas en comparaci\u00f3n con los mantenidos en autopista, donde la eficiencia suele ser mayor gracias a un uso m\u00e1s constante del motor. Estas variaciones dependen tambi\u00e9n del estilo de conducci\u00f3n y de la intensidad del tr\u00e1fico.<\/p>\n\n\n\n<h3 class=\"wp-block-heading\">Etiqueta de emisiones y normativa vigente<\/h3>\n\n\n\n<p>Con respecto a la normativa de emisiones, el<strong> Mercedes-Benz GLS 63 AMG 4MATIC<\/strong> ostenta la etiqueta C en Espa\u00f1a. Esta clasificaci\u00f3n le permite circular en \u00e1reas con restricci\u00f3n de acceso durante episodios de alta contaminaci\u00f3n. La etiqueta es un elemento esencial a considerar al adquirir un veh\u00edculo, ya que influye en la movilidad dentro de las ciudades y en posibles restricciones futuras.<\/p>\n\n\n\n<h2 class=\"wp-block-heading\">Seguridad y sistemas de asistencia al conductor<\/h2>\n\n\n\n<p>El <strong>Mercedes Benz GLS 63 AMG 4MATIC<\/strong> se distingue no solo por su sofisticaci\u00f3n y rendimiento, sino tambi\u00e9n por sus avanzadas caracter\u00edsticas de seguridad y asistencia al conductor. Estas tecnolog\u00edas est\u00e1n dise\u00f1adas para proporcionar una experiencia de conducci\u00f3n m\u00e1s segura y placentera.<\/p>\n\n\n\n<h3 class=\"wp-block-heading\">Paquete de asistencia y tecnolog\u00edas activas<\/h3>\n\n\n\n<p>Este SUV cuenta con un completo paquete que integra diversas tecnolog\u00edas que mejoran la seguridad activa del veh\u00edculo. Estos sistemas trabajan conjuntamente para minimizar los riesgos en la carretera y aumentar la tranquilidad de quienes viajan a bordo.<\/p>\n\n\n\n<h4 class=\"wp-block-heading\">Asistente de frenado activo<\/h4>\n\n\n\n<p>La funci\u00f3n de asistente de frenado activo se activa autom\u00e1ticamente si se detecta una posible colisi\u00f3n frontal. Utilizando una serie de sensores y c\u00e1maras, el sistema analiza la situaci\u00f3n y, de ser necesario, aplica los frenos de manera aut\u00f3noma para evitar un impacto o reducir su gravedad. Esta caracter\u00edstica contribuye significativamente a la seguridad en entornos urbanos y autopistas, donde el tr\u00e1fico puede ser impredecible.<\/p>\n\n\n\n<h4 class=\"wp-block-heading\">Control de crucero adaptativo y mantenimiento de carril<\/h4>\n\n\n\n<p>La tecnolog\u00eda del control de crucero adaptativo adapta la velocidad del veh\u00edculo a la del autom\u00f3vil que circula por delante, manteniendo una distancia segura. Esta funcionalidad se complementa con el sistema de mantenimiento de carril, que ayuda al conductor a permanecer centrado en su carril, utilizando una serie de intervenciones sutiles en la direcci\u00f3n. Estas herramientas optimizan la experiencia de conducci\u00f3n en viajes largos, brindando un confort adicional.<\/p>\n\n\n\n<h4 class=\"wp-block-heading\">Asistente de cambio de carril<\/h4>\n\n\n\n<p>Este sistema facilita los cambios de carril al ofrecer alertas al conductor si se inicia un movimiento sin activar las luces intermitentes. Al detectar un veh\u00edculo en el \u00e1ngulo muerto, el asistente emite una advertencia visual y ac\u00fastica, ayudando a prevenir accidentes en carreteras r\u00e1pidas donde la visibilidad puede ser limitada. La integraci\u00f3n de esta tecnolog\u00eda refuerza a\u00fan m\u00e1s la seguridad de los ocupantes.<\/p>\n\n\n\n<h3 class=\"wp-block-heading\">Elementos pasivos de seguridad<\/h3>\n\n\n\n<p>La seguridad del <strong><strong>Mercedes-Benz GLS 63 AMG 4MATIC<\/strong><\/strong> no se limita a sus sistemas activos; tambi\u00e9n incluye elementos pasivos que garantizan una robustez estructural elevada. Estos componentes est\u00e1n dise\u00f1ados para proteger a los ocupantes en caso de colisi\u00f3n, minimizando la probabilidad de lesiones.<\/p>\n\n\n\n<h4 class=\"wp-block-heading\">Airbags y protecci\u00f3n estructural<\/h4>\n\n\n\n<p>El modelo incorpora m\u00faltiples airbags distribuidos estrat\u00e9gicamente en el habit\u00e1culo, incluyendo airbags frontales, laterales y de cortina. Esta configuraci\u00f3n ofrece una protecci\u00f3n integral en caso de choque, asegurando que los ocupantes est\u00e9n resguardados adecuadamente. La robustez de su estructura, combinada con los airbags, crea un entorno seguro que cumple con los m\u00e1s altos est\u00e1ndares de seguridad internacionales.<\/p>\n\n\n\n<h4 class=\"wp-block-heading\">Robustez y estabilidad en diferentes terrenos<\/h4>\n\n\n\n<p>La construcci\u00f3n del<strong> GLS 63 AMG<\/strong> cuenta con materiales de alta resistencia que contribuyen a su estabilidad en una variedad de condiciones de conducci\u00f3n. Este SUV est\u00e1 dise\u00f1ado para enfrentar retos en terrenos dif\u00edciles, con un chasis que proporciona tanto rigidez como flexibilidad. Esto no solo mejora la seguridad en carreteras adversas, sino que tambi\u00e9n optimiza la maniobrabilidad, llevando la experiencia de conducci\u00f3n a un nuevo nivel.<\/p>\n\n\n\n<h2 class=\"wp-block-heading\"><strong>Mercedes-Benz GLS 63 AMG 4MATIC<\/strong> y su comportamiento en distintas condiciones<\/h2>\n\n\n\n<div class=\"wp-block-buttons is-layout-flex wp-block-buttons-is-layout-flex\">\n<div class=\"wp-block-button\"><a class=\"wp-block-button__link wp-element-button\" href=\"https:\/\/www.carmotive.es\/coches-segunda-mano\/mercedes-benz\/gls-63-amg\/4matic-430-kw-585-cv\">Oferta Mercedes-Benz&nbsp;GLS 63 AMG Segunda mano<\/a><\/div>\n<\/div>\n\n\n\n<p>Este modelo se destaca no solo por su lujo, sino tambi\u00e9n por su versatilidad en diferentes entornos y situaciones de conducci\u00f3n.<\/p>\n\n\n\n<h3 class=\"wp-block-heading\">Adaptaci\u00f3n a diferentes tipos de terreno<\/h3>\n\n\n\n<p>El <strong>Mercedes Benz GLS 63 AMG<\/strong> demuestra una impresionante capacidad para adaptarse a diversas superficies. Gracias a su sistema de tracci\u00f3n total 4MATIC, se comporta de manera excepcional tanto en carreteras urbanas como en caminos poco transitados. Las tecnolog\u00edas de tracci\u00f3n permiten distribuir la potencia de forma \u00f3ptima entre las ruedas, mejorando la estabilidad y el control en todo tipo de condiciones.<\/p>\n\n\n\n<ul class=\"wp-block-list\">\n<li><strong>Asfalto:<\/strong>&nbsp;En carreteras pavimentadas, el <strong>GLS 63 AMG<\/strong> ofrece una experiencia de conducci\u00f3n suave y \u00e1gil, con una respuesta din\u00e1mica r\u00e1pida al acelerar.<\/li>\n\n\n\n<li><strong>Terrenos irregulares:<\/strong>&nbsp;Su robusta suspensi\u00f3n neum\u00e1tica <strong>AIRMATIC<\/strong> ajusta la altura y la firmeza, optimizando el confort y la maniobrabilidad.<\/li>\n\n\n\n<li><strong>Nieve y hielo:<\/strong>&nbsp;El sistema <strong>4MATIC<\/strong> proporciona una tracci\u00f3n excepcional, permitiendo un desplazamiento seguro y confiable en condiciones invernales.<\/li>\n<\/ul>\n\n\n\n<h3 class=\"wp-block-heading\">Influencia de la temperatura exterior en el rendimiento<\/h3>\n\n\n\n<p>Las condiciones clim\u00e1ticas tienen un impacto significativo en el desempe\u00f1o del veh\u00edculo. Las temperaturas extremas pueden variar la viscosidad del aceite y afectar la respuesta del motor y la suspensi\u00f3n.<\/p>\n\n\n\n<ul class=\"wp-block-list\">\n<li><strong>Climas c\u00e1lidos:<\/strong>&nbsp;En altas temperaturas, el motor puede experimentar una ligera disminuci\u00f3n de su eficiencia debido al aumento de la temperatura ambiente, aunque las tecnolog\u00edas de refrigeraci\u00f3n del veh\u00edculo est\u00e1n dise\u00f1adas para mitigar estos efectos.<\/li>\n\n\n\n<li><strong>Climas fr\u00edos:<\/strong>&nbsp;Las bajas temperaturas pueden incrementar la fricci\u00f3n y hacer que el aceite tarde m\u00e1s en alcanzar su temperatura \u00f3ptima. Sin embargo, el sistema de calefacci\u00f3n del veh\u00edculo asegura que los ocupantes permanezcan c\u00f3modos.<\/li>\n<\/ul>\n\n\n\n<h3 class=\"wp-block-heading\">Comportamiento en condiciones climatol\u00f3gicas adversas<\/h3>\n\n\n\n<p>El <strong>GLS 63 AMG<\/strong> es un veh\u00edculo preparado para enfrentar una variedad de condiciones meteorol\u00f3gicas, lo que lo convierte en la elecci\u00f3n ideal para conductores que requieren fiabilidad en todo momento.<\/p>\n\n\n\n<ul class=\"wp-block-list\">\n<li><strong>Tormentas:<\/strong>&nbsp;Su sistema de tracci\u00f3n total y la estabilidad del chasis hacen que el veh\u00edculo sea seguro en la lluvia intensa.<\/li>\n\n\n\n<li><strong>Condiciones nevadas:<\/strong>&nbsp;La tracci\u00f3n integral ofrece control y firmeza al descender de pendientes nevadas, minimizando el riesgo de derrapes.<\/li>\n\n\n\n<li><strong>Viento fuerte:<\/strong>&nbsp;A pesar de su gran tama\u00f1o, el <strong>GLS 63 AMG<\/strong> mantiene una excelente estabilidad al atravesar r\u00e1fagas de viento gracias a su construcci\u00f3n aerodin\u00e1mica.<\/li>\n<\/ul>\n\n\n\n<h3 class=\"wp-block-heading\">Par\u00e1metros m\u00e1s acordes para optimizar la experiencia de conducci\u00f3n<\/h3>\n\n\n\n<p>Optimizar la experiencia de conducci\u00f3n en este modelo implica considerar diferentes factores que influyen en su rendimiento y confort. Cada detalle cuenta al momento de disfrutar de este <strong>SUV de lujo<\/strong>.<\/p>\n\n\n\n<ul class=\"wp-block-list\">\n<li><strong>Configuraci\u00f3n de suspensi\u00f3n:<\/strong>&nbsp;Ajustar la suspensi\u00f3n neum\u00e1tica seg\u00fan las condiciones del terreno puede hacer una gran diferencia en el confort de los pasajeros.<\/li>\n\n\n\n<li><strong>Modos de conducci\u00f3n:<\/strong>&nbsp;El veh\u00edculo ofrece varias configuraciones de conducci\u00f3n que permiten adaptar la experiencia a las preferencias del conductor y a las condiciones del tr\u00e1fico.<\/li>\n\n\n\n<li><strong>Mantenimiento adecuado:<\/strong>&nbsp;Llevar a cabo un mantenimiento regular y verificar el estado de los neum\u00e1ticos y frenos asegura que el GLS 63 AMG funcione en su m\u00e1xima capacidad.<\/li>\n<\/ul>\n\n\n\n<h2 class=\"wp-block-heading\">Curiosidades y datos interesantes sobre el <strong>Mercedes-Benz GLS 63 AMG 4MATIC<\/strong><\/h2>\n\n\n\n<p>El <strong>Mercedes Benz GLS 63 AMG<\/strong> combina lujo y rendimiento de una manera excepcional. A continuaci\u00f3n, se exploran curiosidades y datos fascinantes que rodean a este impresionante SUV.<\/p>\n\n\n\n<h3 class=\"wp-block-heading\">Herencia deportiva de AMG en un SUV de lujo<\/h3>\n\n\n\n<p>La sigla AMG no solo representa una divisi\u00f3n de alto rendimiento, sino que tambi\u00e9n alberga una rica herencia deportiva. Con el GLS 63 AMG, esta herencia se manifiesta en la potente configuraci\u00f3n del motor y en la precisi\u00f3n con la que se desarrollan cada uno de sus componentes. Este modelo es una de las primeras incursiones de AMG en el segmento de SUV, ofreciendo el mismo nivel de emoci\u00f3n y especificaciones t\u00e9cnicas que se esperan en sus veh\u00edculos m\u00e1s deportivos. La evoluci\u00f3n desde los coches compactos y deportivos de AMG hasta este SUV ha sido notable, manteniendo la filosof\u00eda de alto rendimiento que define a la marca.<\/p>\n\n\n\n<h3 class=\"wp-block-heading\">Innovaciones tecnol\u00f3gicas exclusivas del modelo<\/h3>\n\n\n\n<p>El GLS 63 AMG no se queda atr\u00e1s en cuanto a tecnolog\u00eda se refiere. Equipado con numerosas innovaciones, este SUV ofrece un sistema <strong>MBUX (Mercedes-Benz User Experience)<\/strong> que permite a los usuarios interactuar f\u00e1cilmente con el veh\u00edculo. Algunas caracter\u00edsticas destacadas incluyen:<\/p>\n\n\n\n<ul class=\"wp-block-list\">\n<li>Reconocimiento de voz avanzado, que permite controlar diversas funciones sin necesidad de distracciones.<\/li>\n\n\n\n<li>Un panel de instrumentos completamente digital, adaptable a las preferencias del conductor.<\/li>\n\n\n\n<li>Conectividad total con dispositivos m\u00f3viles mediante sistemas como Apple CarPlay y Android Auto.<\/li>\n<\/ul>\n\n\n\n<p>Este enfoque en la interacci\u00f3n y conectividad no solo mejora la experiencia del usuario, sino que tambi\u00e9n refleja la modernidad y el futuro al que Mercedes-Benz se dirige.<\/p>\n\n\n\n<h3 class=\"wp-block-heading\">Comparativa de prestaciones dentro de la gama GLS<\/h3>\n\n\n\n<p>El GLS 63 AMG se posiciona como el punto m\u00e1ximo de la gama GLS, superando a otros modelos en t\u00e9rminos de potencia y caracter\u00edsticas. En comparaci\u00f3n con versiones como el GLS 450 o el GLS 580, el GLS 63 AMG ofrece unas cifras que destacan notablemente:<\/p>\n\n\n\n<ul class=\"wp-block-list\">\n<li><strong>Potencia: <\/strong>585 CV frente a los 367 CV del GLS 450.<\/li>\n\n\n\n<li><strong>Aceleraci\u00f3n:<\/strong> 0 a 100 km\/h en aproximadamente 4.6 segundos, en comparaci\u00f3n con m\u00e1s de 6 segundos de otros modelos de la gama.<\/li>\n\n\n\n<li>Sistema de suspensi\u00f3n neum\u00e1tica AIRMATIC, que proporciona un confort y dinamismo inigualables.<\/li>\n<\/ul>\n\n\n\n<p>Estos aspectos hacen que el GLS 63 AMG sea una elecci\u00f3n preferida para quienes buscan no solo un SUV de lujo, sino tambi\u00e9n uno que brinde un rendimiento deportivo superior.<\/p>\n\n\n\n<p><\/p>\n","protected":false},"excerpt":{"rendered":"<p>El Mercedes-Benz GLS 63 AMG 4MATIC 430 kW es un SUV de lujo que combina potencia, confort y tecnolog\u00eda. Este modelo destaca por su dise\u00f1o imponente y su capacidad para ofrecer una experiencia de conducci\u00f3n inigualable. Equipado con un motor V8 biturbo y una serie de caracter\u00edsticas premium, el GLS 63 AMG no solo es &#8230; <a title=\"Mercedes-Benz GLS 63 AMG 4MATIC: lujo y potencia\" class=\"read-more\" href=\"https:\/\/www.carmotive.es\/blog\/mercedes-benz-gls-63-amg-4matic\/\" aria-label=\"M\u00e1s en Mercedes-Benz GLS 63 AMG 4MATIC: lujo y potencia\">Leer m\u00e1s<\/a><\/p>\n","protected":false},"author":3,"featured_media":1211,"comment_status":"closed","ping_status":"closed","sticky":false,"template":"","format":"standard","meta":{"inline_featured_image":false,"_jetpack_memberships_contains_paid_content":false,"footnotes":""},"categories":[38,23],"tags":[123],"class_list":["post-1183","post","type-post","status-publish","format-standard","has-post-thumbnail","hentry","category-marcas","category-actualidad","tag-mercedes-benz-gls-63-amg-4matic"],"jetpack_featured_media_url":"https:\/\/www.carmotive.es\/blog\/wp-content\/uploads\/2025\/10\/Mercedes-Benz-GLS-63-AMG-2.jpg","jetpack_sharing_enabled":true,"jetpack-related-posts":[],"_links":{"self":[{"href":"https:\/\/www.carmotive.es\/blog\/wp-json\/wp\/v2\/posts\/1183","targetHints":{"allow":["GET"]}}],"collection":[{"href":"https:\/\/www.carmotive.es\/blog\/wp-json\/wp\/v2\/posts"}],"about":[{"href":"https:\/\/www.carmotive.es\/blog\/wp-json\/wp\/v2\/types\/post"}],"author":[{"embeddable":true,"href":"https:\/\/www.carmotive.es\/blog\/wp-json\/wp\/v2\/users\/3"}],"replies":[{"embeddable":true,"href":"https:\/\/www.carmotive.es\/blog\/wp-json\/wp\/v2\/comments?post=1183"}],"version-history":[{"count":2,"href":"https:\/\/www.carmotive.es\/blog\/wp-json\/wp\/v2\/posts\/1183\/revisions"}],"predecessor-version":[{"id":1218,"href":"https:\/\/www.carmotive.es\/blog\/wp-json\/wp\/v2\/posts\/1183\/revisions\/1218"}],"wp:featuredmedia":[{"embeddable":true,"href":"https:\/\/www.carmotive.es\/blog\/wp-json\/wp\/v2\/media\/1211"}],"wp:attachment":[{"href":"https:\/\/www.carmotive.es\/blog\/wp-json\/wp\/v2\/media?parent=1183"}],"wp:term":[{"taxonomy":"category","embeddable":true,"href":"https:\/\/www.carmotive.es\/blog\/wp-json\/wp\/v2\/categories?post=1183"},{"taxonomy":"post_tag","embeddable":true,"href":"https:\/\/www.carmotive.es\/blog\/wp-json\/wp\/v2\/tags?post=1183"}],"curies":[{"name":"wp","href":"https:\/\/api.w.org\/{rel}","templated":true}]}}