{"id":992,"date":"2025-05-06T16:13:06","date_gmt":"2025-05-06T14:13:06","guid":{"rendered":"https:\/\/www.carmotive.es\/blog\/?p=992"},"modified":"2025-05-06T16:13:09","modified_gmt":"2025-05-06T14:13:09","slug":"mazda-presenta-en-madrid","status":"publish","type":"post","link":"https:\/\/www.carmotive.es\/blog\/mazda-presenta-en-madrid\/","title":{"rendered":"Mazda presenta en Madrid el lado oculto de Hiroshima"},"content":{"rendered":"\n<p><strong>Mazda <\/strong>presenta en Madrid una exposici\u00f3n llamada &#8216;Crafted in Japan House&#8217;, que ofrece una mirada a la <strong>Hiroshima <\/strong>menos conocida. Este evento busca destacar la cultura, la innovaci\u00f3n y la resiliencia de la ciudad japonesa. La exposici\u00f3n, que se llevar\u00e1 a cabo en la Fundaci\u00f3n Ortega-Mara\u00f1\u00f3n, incluye una recreaci\u00f3n de los distritos de Hiroshima. A trav\u00e9s de actividades interactivas y talleres, los asistentes podr\u00e1n conectar con la rica tradici\u00f3n artesanal de Jap\u00f3n.<\/p>\n\n\n\n<figure class=\"gb-block-image gb-block-image-cf90b111\"><img loading=\"lazy\" decoding=\"async\" width=\"1280\" height=\"720\" class=\"gb-image gb-image-cf90b111\" src=\"https:\/\/www.carmotive.es\/blog\/wp-content\/uploads\/2025\/05\/medida-para-blogs-32.jpg\" alt=\"Mazda\" title=\"medida para blogs (32)\" srcset=\"https:\/\/www.carmotive.es\/blog\/wp-content\/uploads\/2025\/05\/medida-para-blogs-32.jpg 1280w, https:\/\/www.carmotive.es\/blog\/wp-content\/uploads\/2025\/05\/medida-para-blogs-32-300x169.jpg 300w, https:\/\/www.carmotive.es\/blog\/wp-content\/uploads\/2025\/05\/medida-para-blogs-32-1024x576.jpg 1024w, https:\/\/www.carmotive.es\/blog\/wp-content\/uploads\/2025\/05\/medida-para-blogs-32-768x432.jpg 768w\" sizes=\"auto, (max-width: 1280px) 100vw, 1280px\" \/><\/figure>\n\n\n\n<figure class=\"gb-block-image gb-block-image-489dabf7\"><a href=\"https:\/\/www.carmotive.es\/coches-segunda-mano\" target=\"_blank\" rel=\"noopener noreferrer\"><img loading=\"lazy\" decoding=\"async\" width=\"2560\" height=\"768\" class=\"gb-image gb-image-489dabf7\" src=\"https:\/\/www.carmotive.es\/blog\/wp-content\/uploads\/2025\/04\/coches-2-scaled.jpg\" alt=\"Coches segunda mano\" title=\"Coches segunda mano\" srcset=\"https:\/\/www.carmotive.es\/blog\/wp-content\/uploads\/2025\/04\/coches-2-scaled.jpg 2560w, https:\/\/www.carmotive.es\/blog\/wp-content\/uploads\/2025\/04\/coches-2-300x90.jpg 300w, https:\/\/www.carmotive.es\/blog\/wp-content\/uploads\/2025\/04\/coches-2-1024x307.jpg 1024w, https:\/\/www.carmotive.es\/blog\/wp-content\/uploads\/2025\/04\/coches-2-768x230.jpg 768w, https:\/\/www.carmotive.es\/blog\/wp-content\/uploads\/2025\/04\/coches-2-1536x461.jpg 1536w, https:\/\/www.carmotive.es\/blog\/wp-content\/uploads\/2025\/04\/coches-2-2048x614.jpg 2048w\" sizes=\"auto, (max-width: 2560px) 100vw, 2560px\" \/><\/a><\/figure>\n\n\n\n<h2 class=\"wp-block-heading\">Mazda y su conexi\u00f3n con Hiroshima<\/h2>\n\n\n\n<p><strong>Mazda<\/strong> tiene una profunda y significativa relaci\u00f3n con Hiroshima, su ciudad natal, la cual ha moldeado su identidad y filosof\u00eda. Esta conexi\u00f3n se refleja en cada aspecto de la marca.<\/p>\n\n\n\n<h3 class=\"wp-block-heading\">Historia de la marca y su origen en Hiroshima<\/h3>\n\n\n\n<p>Fundada en 1920, Mazda comenz\u00f3 como un peque\u00f1o taller de producci\u00f3n de corcho, evolucionando hacia la fabricaci\u00f3n de autom\u00f3viles en Hiroshima. A lo largo de los a\u00f1os, la compa\u00f1\u00eda ha crecido, transform\u00e1ndose en un s\u00edmbolo de innovaci\u00f3n en el sector automotriz. La resiliencia de Hiroshima, especialmente tras la tragedia de 1945, ha inspirado a la marca a afianzar su compromiso con la calidad y la sostenibilidad.<\/p>\n\n\n\n<h3 class=\"wp-block-heading\">Mazda Autom\u00f3viles en Espa\u00f1a: 25 a\u00f1os en el mercado<\/h3>\n\n\n\n<p>Con 25 a\u00f1os de presencia en el mercado espa\u00f1ol, Mazda ha sabido ganarse la confianza de los consumidores, manteniendo una s\u00f3lida reputaci\u00f3n por sus veh\u00edculos de calidad. Su dedicaci\u00f3n a la innovaci\u00f3n y el dise\u00f1o ha permitido a la marca adaptarse a las necesidades del p\u00fablico, destac\u00e1ndose en un sector altamente competitivo.<\/p>\n\n\n\n<h3 class=\"wp-block-heading\">La relevancia de Hiroshima en el desarrollo de Mazda<\/h3>\n\n\n\n<p>No solo es un lugar de origen, sino que Hiroshima representa los valores fundamentales de Mazda: resiliencia, innovaci\u00f3n y compromiso con la artesan\u00eda. Esta conexi\u00f3n va m\u00e1s all\u00e1 de la geograf\u00eda, ya que cada veh\u00edculo refleja la cultura y tradici\u00f3n que han surgido de esta ciudad. La influencia de los \u201cTakumi\u201d, maestros artesanos japoneses, se traduce en la dedicaci\u00f3n y calidad que caracteriza cada modelo de Mazda, reforzando su legado y presencia en el mundo automotriz.<\/p>\n\n\n\n<figure class=\"wp-block-embed is-type-rich is-provider-tiktok wp-block-embed-tiktok\"><div class=\"wp-block-embed__wrapper\">\n<blockquote class=\"tiktok-embed\" cite=\"https:\/\/www.tiktok.com\/@carmotive.es\" data-unique-id=\"carmotive.es\" data-embed-from=\"oembed\" data-embed-type=\"creator\" style=\"max-width:780px; min-width:288px;\"> <section> <a target=\"_blank\" href=\"https:\/\/www.tiktok.com\/@carmotive.es?refer=creator_embed\" rel=\"noopener\">@carmotive.es<\/a> <\/section> <\/blockquote> <script async src=\"https:\/\/www.tiktok.com\/embed.js\"><\/script>\n<\/div><\/figure>\n\n\n\n<p>S\u00edguenos en TikTok <a href=\"https:\/\/www.tiktok.com\/@carmotive.es\" data-type=\"link\" data-id=\"https:\/\/www.tiktok.com\/@carmotive.es\" target=\"_blank\" rel=\"noopener\">Carmotive<\/a><\/p>\n\n\n\n<h2 class=\"wp-block-heading\">Exposici\u00f3n Crafted in Japan House<\/h2>\n\n\n\n<p>La exposici\u00f3n &#8216;Crafted in Japan House&#8217; se presenta como una muestra integral de la cultura y tradici\u00f3n de Hiroshima en Madrid, ofreciendo una experiencia sensorial \u00fanica.<\/p>\n\n\n\n<h3 class=\"wp-block-heading\">Ubicaci\u00f3n y detalles del evento<\/h3>\n\n\n\n<p>Este evento cultural tiene lugar en la Fundaci\u00f3n Ortega-Mara\u00f1\u00f3n, un espacio ideal que potencia la interacci\u00f3n y la inmersi\u00f3n en la cultura japonesa. La entrada es libre, lo que permite que un p\u00fablico amplio pueda descubrir la riqueza de la ciudad nipona.<\/p>\n\n\n\n<h3 class=\"wp-block-heading\">Objetivos y prop\u00f3sito de la exposici\u00f3n<\/h3>\n\n\n\n<p>&#8216;Crafted in Japan House&#8217; busca redefinir la percepci\u00f3n de Hiroshima, enfoc\u00e1ndose en su historia de resiliencia y creatividad. Se destaca la conexi\u00f3n entre la cultura japonesa y la espa\u00f1ola, promoviendo un intercambio cultural significativo, as\u00ed como una comprensi\u00f3n m\u00e1s profunda de la evoluci\u00f3n de Hiroshima tras la tragedia de 1945.<\/p>\n\n\n\n<h3 class=\"wp-block-heading\">Representaci\u00f3n de los ocho distritos de Hiroshima<\/h3>\n\n\n\n<p>La exposici\u00f3n recrea los ocho distritos de la ciudad japonesa, mostrando su diversidad y riqueza cultural.<\/p>\n\n\n\n<h4 class=\"wp-block-heading\">Dise\u00f1o arquitect\u00f3nico y sensaci\u00f3n natural<\/h4>\n\n\n\n<ul class=\"wp-block-list\">\n<li>El dise\u00f1o de los espacios ha sido meticulosamente pensado para capturar la esencia de Hiroshima.<\/li>\n\n\n\n<li>Elementos naturales como jardines y paisajes brindan una atm\u00f3sfera aut\u00e9ntica y relajante.<\/li>\n<\/ul>\n\n\n\n<h4 class=\"wp-block-heading\">Elementos culturales y sensoriales destacados<\/h4>\n\n\n\n<ul class=\"wp-block-list\">\n<li>Exhibiciones que incluyen artesan\u00edas niponas, enfoc\u00e1ndose en la destreza de los maestros Takumi.<\/li>\n\n\n\n<li>Ambientes sonoros que evocan los sonidos caracter\u00edsticos de la vida cotidiana en Hiroshima.<\/li>\n\n\n\n<li>Aromas que se asocian a la gastronom\u00eda japonesa, creando una vivencia envolvente.<\/li>\n<\/ul>\n\n\n\n<h2 class=\"wp-block-heading\">Experiencia sensorial y actividades interactivas<\/h2>\n\n\n\n<p>La exposici\u00f3n ofrece una inmersi\u00f3n completa en la cultura japonesa a trav\u00e9s de diversas actividades interactivas que permiten a los asistentes experimentar de primera mano la rica tradici\u00f3n artesanal de Hiroshima.<\/p>\n\n\n\n<h3 class=\"wp-block-heading\">Talleres de artesan\u00eda japonesa<\/h3>\n\n\n\n<p>Los visitantes podr\u00e1n participar en talleres que ense\u00f1an t\u00e9cnicas tradicionales japonesas y fomentan la creatividad. Cada taller est\u00e1 dise\u00f1ado para proporcionar una experiencia pr\u00e1ctica que conecta a los participantes con la cultura nipona.<\/p>\n\n\n\n<h4 class=\"wp-block-heading\">Ikebana: El arte floral japon\u00e9s<\/h4>\n\n\n\n<p>Durante el taller de Ikebana, se explorar\u00e1 la t\u00e9cnica del arreglo floral japon\u00e9s, que no solo enfatiza la belleza de las flores, sino que tambi\u00e9n refleja la filosof\u00eda de armon\u00eda con la naturaleza. Los asistentes aprender\u00e1n a crear composiciones \u00fanicas que expresan su personal estilo.<\/p>\n\n\n\n<h4 class=\"wp-block-heading\">Furoshiki: T\u00e9cnicas de envoltura<\/h4>\n\n\n\n<p>En la sesi\u00f3n de Furoshiki, los participantes descubrir\u00e1n el arte de envolver objetos utilizando telas. Esta t\u00e9cnica, que combina est\u00e9tica y funcionalidad, representa una forma sostenible de transportar y presentar regalos, promoviendo as\u00ed valores de respeto hacia el medio ambiente.<\/p>\n\n\n\n<h3 class=\"wp-block-heading\">Meditaci\u00f3n en movimiento en jardines dise\u00f1ados<\/h3>\n\n\n\n<p>Los jardines dise\u00f1ados espec\u00edficamente para la meditaci\u00f3n ofrecen un espacio sereno donde los asistentes pueden practicar la tranquilidad a trav\u00e9s de movimientos suaves. Esta actividad busca conectar a los participantes con su interior, fomentando el bienestar mental en un entorno inspirador.<\/p>\n\n\n\n<h3 class=\"wp-block-heading\">Ciclo de cine japon\u00e9s<\/h3>\n\n\n\n<p>El cine japon\u00e9s es una puerta de entrada a la narrativa y la est\u00e9tica de la cultura nipona. Se han programado diversas proyecciones para enriquecer la experiencia cultural de los asistentes.<\/p>\n\n\n\n<h4 class=\"wp-block-heading\">Proyecciones todos los domingos de mayo<\/h4>\n\n\n\n<ul class=\"wp-block-list\">\n<li>Las proyecciones se realizar\u00e1n cada domingo, permitiendo a los visitantes disfrutar de una variedad de t\u00edtulos representativos del cine japon\u00e9s.<\/li>\n<\/ul>\n\n\n\n<h4 class=\"wp-block-heading\">Relevancia del cine japon\u00e9s en la exposici\u00f3n<\/h4>\n\n\n\n<p>Este ciclo no solo muestra talentos cinematogr\u00e1ficos, sino que tambi\u00e9n aborda temas que reflejan la vida cotidiana y la evoluci\u00f3n cultural de Jap\u00f3n. Es una oportunidad para que los visitantes se conecten emocionalmente con la historia y la sociedad japonesa.<\/p>\n\n\n\n<figure class=\"gb-block-image gb-block-image-ea0405f3\"><img loading=\"lazy\" decoding=\"async\" width=\"1280\" height=\"720\" class=\"gb-image gb-image-ea0405f3\" src=\"https:\/\/www.carmotive.es\/blog\/wp-content\/uploads\/2025\/05\/medida-para-blogs-33.jpg\" alt=\"Mazda\" title=\"Mazda\" srcset=\"https:\/\/www.carmotive.es\/blog\/wp-content\/uploads\/2025\/05\/medida-para-blogs-33.jpg 1280w, https:\/\/www.carmotive.es\/blog\/wp-content\/uploads\/2025\/05\/medida-para-blogs-33-300x169.jpg 300w, https:\/\/www.carmotive.es\/blog\/wp-content\/uploads\/2025\/05\/medida-para-blogs-33-1024x576.jpg 1024w, https:\/\/www.carmotive.es\/blog\/wp-content\/uploads\/2025\/05\/medida-para-blogs-33-768x432.jpg 768w\" sizes=\"auto, (max-width: 1280px) 100vw, 1280px\" \/><\/figure>\n\n\n\n<h2 class=\"wp-block-heading\">La influencia de la artesan\u00eda en los modelos Mazda<\/h2>\n\n\n\n<p>La rica tradici\u00f3n artesanal de Jap\u00f3n ha dejado una huella imborrable en el dise\u00f1o y producci\u00f3n de los veh\u00edculos Mazda. Desde su fundaci\u00f3n, la marca ha integrado principios de artesan\u00eda que se reflejan en cada uno de sus modelos.<\/p>\n\n\n\n<h3 class=\"wp-block-heading\">Maestros artesanos Takumi y su legado<\/h3>\n\n\n\n<p>Los maestros artesanos, conocidos como Takumi, son fundamentales en la producci\u00f3n de los veh\u00edculos Mazda. Estos expertos dedican a\u00f1os a perfeccionar t\u00e9cnicas ancestrales, convirti\u00e9ndose en los custodios de un legado cultural que se transfiere de generaci\u00f3n en generaci\u00f3n. Su destreza no solo garantiza la calidad en los acabados, sino que tambi\u00e9n infunde un esp\u00edritu de innovaci\u00f3n y respeto por la tradici\u00f3n en cada veh\u00edculo.<\/p>\n\n\n\n<h3 class=\"wp-block-heading\">Impacto de las t\u00e9cnicas ancestrales en el dise\u00f1o automotriz<\/h3>\n\n\n\n<p>Las t\u00e9cnicas tradicionales que los Takumi han perfeccionado impactan directamente en el dise\u00f1o de los autom\u00f3viles Mazda. Elementos como el uso de materiales de alta calidad, la atenci\u00f3n al detalle y la b\u00fasqueda de la perfecci\u00f3n son principios que se aplican desde la concepci\u00f3n hasta la fabricaci\u00f3n del veh\u00edculo. Este enfoque crea coches que no solo son visualmente atractivos, sino que tambi\u00e9n ofrecen un rendimiento excepcional.<\/p>\n\n\n\n<h3 class=\"wp-block-heading\">Gama de veh\u00edculos Mazda y ofertas exclusivas<\/h3>\n\n\n\n<p>La gama de veh\u00edculos Mazda se distingue por su est\u00e9tica y funcionalidad, resultado directo del compromiso con la artesan\u00eda. Los modelos actuales combinan innovaci\u00f3n tecnol\u00f3gica con tradici\u00f3n, ofreciendo a los conductores una experiencia \u00fanica.<\/p>\n\n\n\n<h4 class=\"wp-block-heading\">Acceso a pruebas de conducci\u00f3n<\/h4>\n\n\n\n<ul class=\"wp-block-list\">\n<li>Los visitantes del evento podr\u00e1n experimentar de primera mano la gama de modelos disponibles.<\/li>\n\n\n\n<li>Las pruebas de conducci\u00f3n permitir\u00e1n apreciar c\u00f3mo la artesan\u00eda influye en el desempe\u00f1o y la comodidad de los veh\u00edculos.<\/li>\n<\/ul>\n\n\n\n<h4 class=\"wp-block-heading\">Ofertas especiales en la compra de nuevos modelos<\/h4>\n\n\n\n<ul class=\"wp-block-list\">\n<li>Se presentar\u00e1n ofertas exclusivas dise\u00f1adas para aquellos interesados en adquirir un veh\u00edculo Mazda.<\/li>\n\n\n\n<li>Estas oportunidades destacan el valor y la calidad por las que la marca es reconocida.<\/li>\n<\/ul>\n\n\n\n<h2 class=\"wp-block-heading\">La Fundaci\u00f3n Ortega-Mara\u00f1\u00f3n como escenario del evento<\/h2>\n\n\n\n<p>Este emblem\u00e1tico espacio culturales de Madrid sirve como escenario ideal para la exposici\u00f3n que celebra la conexi\u00f3n entre Jap\u00f3n y Espa\u00f1a. La Fundaci\u00f3n Ortega-Mara\u00f1\u00f3n es un referente en la difusi\u00f3n de la cultura, la historia y el arte.<\/p>\n\n\n\n<h3 class=\"wp-block-heading\">Importancia de la Fundaci\u00f3n en el contexto cultural de Madrid<\/h3>\n\n\n\n<p>La Fundaci\u00f3n ha estado a la vanguardia de iniciativas culturales que fomentan el intercambio y la comprensi\u00f3n entre distintas tradiciones. Con un enfoque en la investigaci\u00f3n y la difusi\u00f3n, se ha consolidado como un lugar de encuentro para amantes de la cultura y el arte.<\/p>\n\n\n\n<h3 class=\"wp-block-heading\">Similitudes entre las culturas japonesa y espa\u00f1ola<\/h3>\n\n\n\n<p>A pesar de las diferencias geogr\u00e1ficas y ling\u00fc\u00edsticas, las culturas japonesa y espa\u00f1ola comparten elementos que las hacen \u00fanicas y fascinantes. Entre ellos se incluyen:<\/p>\n\n\n\n<ul class=\"wp-block-list\">\n<li>Una rica tradici\u00f3n artesanal que refleja la destreza y la creatividad de sus pueblos.<\/li>\n\n\n\n<li>Una fuerte conexi\u00f3n con la naturaleza, que se manifiesta en festividades y pr\u00e1cticas cotidianas.<\/li>\n\n\n\n<li>Un profundo respeto por las tradiciones y su evoluci\u00f3n a lo largo del tiempo.<\/li>\n<\/ul>\n\n\n\n<h3 class=\"wp-block-heading\">La sinergia entre Mazda, Hiroshima y Madrid<\/h3>\n\n\n\n<p>El v\u00ednculo entre Mazda y la ciudad de Hiroshima se extiende hasta Madrid a trav\u00e9s de esta exposici\u00f3n. Este evento no solo resalta el papel emblem\u00e1tico de Hiroshima como cuna de la marca, sino que tambi\u00e9n muestra c\u00f3mo la cultura japonesa se integra en el contexto espa\u00f1ol.<\/p>\n\n\n\n<p>La Fundaci\u00f3n proporciona el marco perfecto para promover esta sinergia, al tiempo que permite a los visitantes experimentar un viaje sensorial que une a ambas culturas en un espacio de reflexi\u00f3n y aprendizaje.<\/p>\n\n\n\n<p><strong>Mazda revela en Madrid una Hiroshima sorprendente y poco conocida<\/strong><\/p>\n\n\n\n<p>Del<strong> 1 al 26 de mayo<\/strong>, Mazda te invita a descubrir una nueva mirada sobre <strong>Hiroshima <\/strong>en la exposici\u00f3n que acoge la Fundaci\u00f3n Ortega-Mara\u00f1\u00f3n, en pleno centro de Madrid. Una experiencia \u00fanica que fusiona historia, cultura y dise\u00f1o para mostrar el verdadero esp\u00edritu de la ciudad donde naci\u00f3 la marca.<\/p>\n\n\n\n<p>\ud83d\udccd <strong>D\u00f3nde:<\/strong> Fundaci\u00f3n Ortega-Mara\u00f1\u00f3n, Calle Fortuny 53, Madrid<br>\ud83d\udcc5 <strong>Cu\u00e1ndo:<\/strong> Del 1 al 26 de mayo<br>\ud83d\udd52 <strong>Horario:<\/strong> Todos los d\u00edas de 11:00 a 20:00<br>\ud83c\udf9f\ufe0f <strong>Entrada:<\/strong> Gratuita<br>\ud83c\udf10 <strong>M\u00e1s info y reservas:<\/strong> <a class=\"\" href=\"https:\/\/www.mazda.es\" target=\"_blank\" rel=\"noopener\">www.mazda.es<\/a><\/p>\n\n\n\n<figure class=\"gb-block-image gb-block-image-64d4061d\"><a href=\"https:\/\/www.carmotive.es\/coches-segunda-mano\" target=\"_blank\" rel=\"noopener noreferrer\"><img loading=\"lazy\" decoding=\"async\" width=\"2560\" height=\"768\" class=\"gb-image gb-image-64d4061d\" src=\"https:\/\/www.carmotive.es\/blog\/wp-content\/uploads\/2025\/04\/coches-2-scaled.jpg\" alt=\"Coches segunda mano\" title=\"Coches segunda mano\" srcset=\"https:\/\/www.carmotive.es\/blog\/wp-content\/uploads\/2025\/04\/coches-2-scaled.jpg 2560w, https:\/\/www.carmotive.es\/blog\/wp-content\/uploads\/2025\/04\/coches-2-300x90.jpg 300w, https:\/\/www.carmotive.es\/blog\/wp-content\/uploads\/2025\/04\/coches-2-1024x307.jpg 1024w, https:\/\/www.carmotive.es\/blog\/wp-content\/uploads\/2025\/04\/coches-2-768x230.jpg 768w, https:\/\/www.carmotive.es\/blog\/wp-content\/uploads\/2025\/04\/coches-2-1536x461.jpg 1536w, https:\/\/www.carmotive.es\/blog\/wp-content\/uploads\/2025\/04\/coches-2-2048x614.jpg 2048w\" sizes=\"auto, (max-width: 2560px) 100vw, 2560px\" \/><\/a><\/figure>\n","protected":false},"excerpt":{"rendered":"<p>Mazda presenta en Madrid una exposici\u00f3n llamada &#8216;Crafted in Japan House&#8217;, que ofrece una mirada a la Hiroshima menos conocida. Este evento busca destacar la cultura, la innovaci\u00f3n y la resiliencia de la ciudad japonesa. La exposici\u00f3n, que se llevar\u00e1 a cabo en la Fundaci\u00f3n Ortega-Mara\u00f1\u00f3n, incluye una recreaci\u00f3n de los distritos de Hiroshima. A &#8230; <a title=\"Mazda presenta en Madrid el lado oculto de Hiroshima\" class=\"read-more\" href=\"https:\/\/www.carmotive.es\/blog\/mazda-presenta-en-madrid\/\" aria-label=\"M\u00e1s en Mazda presenta en Madrid el lado oculto de Hiroshima\">Leer m\u00e1s<\/a><\/p>\n","protected":false},"author":3,"featured_media":994,"comment_status":"closed","ping_status":"closed","sticky":false,"template":"","format":"standard","meta":{"inline_featured_image":false,"_jetpack_memberships_contains_paid_content":false,"footnotes":""},"categories":[23],"tags":[113,112],"class_list":["post-992","post","type-post","status-publish","format-standard","has-post-thumbnail","hentry","category-actualidad","tag-hiroshima","tag-mazda"],"jetpack_featured_media_url":"https:\/\/www.carmotive.es\/blog\/wp-content\/uploads\/2025\/05\/medida-para-blogs-33.jpg","jetpack_sharing_enabled":true,"jetpack-related-posts":[],"_links":{"self":[{"href":"https:\/\/www.carmotive.es\/blog\/wp-json\/wp\/v2\/posts\/992","targetHints":{"allow":["GET"]}}],"collection":[{"href":"https:\/\/www.carmotive.es\/blog\/wp-json\/wp\/v2\/posts"}],"about":[{"href":"https:\/\/www.carmotive.es\/blog\/wp-json\/wp\/v2\/types\/post"}],"author":[{"embeddable":true,"href":"https:\/\/www.carmotive.es\/blog\/wp-json\/wp\/v2\/users\/3"}],"replies":[{"embeddable":true,"href":"https:\/\/www.carmotive.es\/blog\/wp-json\/wp\/v2\/comments?post=992"}],"version-history":[{"count":1,"href":"https:\/\/www.carmotive.es\/blog\/wp-json\/wp\/v2\/posts\/992\/revisions"}],"predecessor-version":[{"id":995,"href":"https:\/\/www.carmotive.es\/blog\/wp-json\/wp\/v2\/posts\/992\/revisions\/995"}],"wp:featuredmedia":[{"embeddable":true,"href":"https:\/\/www.carmotive.es\/blog\/wp-json\/wp\/v2\/media\/994"}],"wp:attachment":[{"href":"https:\/\/www.carmotive.es\/blog\/wp-json\/wp\/v2\/media?parent=992"}],"wp:term":[{"taxonomy":"category","embeddable":true,"href":"https:\/\/www.carmotive.es\/blog\/wp-json\/wp\/v2\/categories?post=992"},{"taxonomy":"post_tag","embeddable":true,"href":"https:\/\/www.carmotive.es\/blog\/wp-json\/wp\/v2\/tags?post=992"}],"curies":[{"name":"wp","href":"https:\/\/api.w.org\/{rel}","templated":true}]}}